{"id":67565,"date":"2025-11-13T12:55:41","date_gmt":"2025-11-13T09:55:41","guid":{"rendered":"https:\/\/www.egemtv.com\/?p=67565"},"modified":"2025-11-13T12:55:41","modified_gmt":"2025-11-13T09:55:41","slug":"muglada-atil-araziler-biberiye-ile-canlaniyor","status":"publish","type":"post","link":"https:\/\/www.egemtv.com\/?p=67565","title":{"rendered":"Mu\u011fla\u2019da at\u0131l araziler biberiye ile canlan\u0131yor"},"content":{"rendered":"<p>Mu\u011fla Tar\u0131m ve Orman \u0130l M\u00fcd\u00fcrl\u00fc\u011f\u00fc, tedavi ve aromatik bitkiler kapsam\u0131nda y\u00fcr\u00fctt\u00fc\u011f\u00fc projelerle hem kurak alanlarda \u00fcretimi art\u0131rmay\u0131 hem de kullan\u0131mlar\u0131 at\u0131l arazilere ekonomiye kazand\u0131rmay\u0131 hedefliyor. Projenin temel amac\u0131, k\u00fc\u00e7\u00fck aile i\u015fletmelerini destekleyerek ilerlemede refah d\u00fczeyini art\u0131rmak ve Mu\u011fla\u2019n\u0131n y\u00f6netim ekonomisine katk\u0131 sa\u011flamak olarak a\u00e7\u0131kland\u0131.<br \/>\n<br \/>\u0130l M\u00fcd\u00fcrl\u00fc\u011f\u00fc\u2019nden yap\u0131lan a\u00e7\u0131klamada, \u00f6zellikle at\u0131l arazilerde biberiye \u00fcretiminin yayg\u0131nla\u015ft\u0131rma \u00e7al\u0131\u015fmalar\u0131n\u0131n h\u0131zland\u0131\u011f\u0131 belirtildi. Biberiyenin kurak b\u00f6lgelerinin uyumlu yap\u0131s\u0131 sayesinde da\u011f\u0131tmak i\u00e7in verimli bir se\u00e7enek olu\u015fturuldu\u011fu vurguland\u0131.<br \/>\n<br \/>Proje kapsam\u0131nda Kas\u0131m ay\u0131 i\u00e7erisinde 21 bin 523 adet biberiye fidan\u0131 da\u011f\u0131t\u0131lacak. Yakla\u015f\u0131k 600 bin TL b\u00fct\u00e7e ile temin edilen bu fidanlar, \u00fcreticilere y\u00fcz 100 hibeli olarak teslim edilecek.<br \/>\n<br \/>Mu\u011fla Tar\u0131m ve Orman \u0130l M\u00fcd\u00fcrl\u00fc\u011f\u00fc, sa\u011flanan bu projeyle tar\u0131m d\u0131\u015f\u0131 kalan arazilerin yeniden \u00fcretime kazand\u0131r\u0131laca\u011f\u0131n\u0131, fuare yeni bir gelir kap\u0131s\u0131n\u0131n olu\u015fturulaca\u011f\u0131n\u0131 ve Mu\u011fla\u2019n\u0131n tedavi ile aromatik b\u00fcy\u00fcme pazar\u0131n\u0131n b\u00fcy\u00fcmesinin hedeflendi\u011fini ifade etti.<br \/><\/p>\n","protected":false},"excerpt":{"rendered":"<p>Mu\u011fla Tar\u0131m ve Orman \u0130l M\u00fcd\u00fcrl\u00fc\u011f\u00fc, tedavi ve aromatik bitkiler kapsam\u0131nda y\u00fcr\u00fctt\u00fc\u011f\u00fc projelerle hem kurak alanlarda \u00fcretimi art\u0131rmay\u0131 hem de kullan\u0131mlar\u0131 at\u0131l arazilere ekonomiye kazand\u0131rmay\u0131 hedefliyor. Projenin temel amac\u0131, k\u00fc\u00e7\u00fck aile i\u015fletmelerini destekleyerek ilerlemede refah d\u00fczeyini art\u0131rmak ve Mu\u011fla\u2019n\u0131n y\u00f6netim ekonomisine katk\u0131 sa\u011flamak olarak a\u00e7\u0131kland\u0131. \u0130l M\u00fcd\u00fcrl\u00fc\u011f\u00fc\u2019nden yap\u0131lan a\u00e7\u0131klamada, \u00f6zellikle at\u0131l arazilerde biberiye \u00fcretiminin yayg\u0131nla\u015ft\u0131rma&#8230;<\/p>\n","protected":false},"author":1,"featured_media":67566,"comment_status":"open","ping_status":"open","sticky":false,"template":"","format":"standard","meta":{"_crdt_document":"","footnotes":""},"categories":[1],"tags":[],"class_list":["post-67565","post","type-post","status-publish","format-standard","has-post-thumbnail","hentry","category-guncel"],"_links":{"self":[{"href":"https:\/\/www.egemtv.com\/index.php?rest_route=\/wp\/v2\/posts\/67565","targetHints":{"allow":["GET"]}}],"collection":[{"href":"https:\/\/www.egemtv.com\/index.php?rest_route=\/wp\/v2\/posts"}],"about":[{"href":"https:\/\/www.egemtv.com\/index.php?rest_route=\/wp\/v2\/types\/post"}],"author":[{"embeddable":true,"href":"https:\/\/www.egemtv.com\/index.php?rest_route=\/wp\/v2\/users\/1"}],"replies":[{"embeddable":true,"href":"https:\/\/www.egemtv.com\/index.php?rest_route=%2Fwp%2Fv2%2Fcomments&post=67565"}],"version-history":[{"count":1,"href":"https:\/\/www.egemtv.com\/index.php?rest_route=\/wp\/v2\/posts\/67565\/revisions"}],"predecessor-version":[{"id":67567,"href":"https:\/\/www.egemtv.com\/index.php?rest_route=\/wp\/v2\/posts\/67565\/revisions\/67567"}],"wp:featuredmedia":[{"embeddable":true,"href":"https:\/\/www.egemtv.com\/index.php?rest_route=\/wp\/v2\/media\/67566"}],"wp:attachment":[{"href":"https:\/\/www.egemtv.com\/index.php?rest_route=%2Fwp%2Fv2%2Fmedia&parent=67565"}],"wp:term":[{"taxonomy":"category","embeddable":true,"href":"https:\/\/www.egemtv.com\/index.php?rest_route=%2Fwp%2Fv2%2Fcategories&post=67565"},{"taxonomy":"post_tag","embeddable":true,"href":"https:\/\/www.egemtv.com\/index.php?rest_route=%2Fwp%2Fv2%2Ftags&post=67565"}],"curies":[{"name":"wp","href":"https:\/\/api.w.org\/{rel}","templated":true}]}}