{"id":67559,"date":"2025-11-13T12:55:39","date_gmt":"2025-11-13T09:55:39","guid":{"rendered":"https:\/\/www.egemtv.com\/?p=67559"},"modified":"2025-11-13T12:55:40","modified_gmt":"2025-11-13T09:55:40","slug":"uluslararasi-ekim-gecidi-muglada-sanatseverlerle-bulustu","status":"publish","type":"post","link":"https:\/\/www.egemtv.com\/?p=67559","title":{"rendered":"Uluslararas\u0131 Ekim Ge\u00e7idi Mu\u011fla\u2019da sanatseverlerle bulu\u015ftu"},"content":{"rendered":"<p>Mu\u011fla B\u00fcy\u00fck\u015fehir Belediyesi\u2019nin destekleriyle d\u00fczenlenen \u00e7a\u011fda\u015f sanat\u0131n \u00f6nc\u00fc isimlerinden Ressam G\u00fcls\u00fcn Erbil\u2019in projesi olan \u2019Uluslararas\u0131 Ekim Ge\u00e7idi\u2019 bu y\u0131l Mu\u011fla\u2019da sanatseverlerle bulu\u015ftu.<\/p>\n<p>Ressam Filiz Taylor koordinat\u00f6rl\u00fc\u011f\u00fcnde ger\u00e7ekle\u015ftirilen sergi, 54 yerli ve yabanc\u0131 sanat\u00e7\u0131n\u0131n kat\u0131l\u0131m\u0131yla sanat\u0131n evrensel dilini Mu\u011fla\u2019ya ta\u015f\u0131d\u0131. 2000\u2019li y\u0131llar\u0131n ba\u015f\u0131ndan bu yana kesintisiz s\u00fcrd\u00fcr\u00fclen Ekim Ge\u00e7idi Sergisi bu y\u0131l uluslararas\u0131 bir boyut kazanarak 24. y\u0131l\u0131n\u0131 kutlad\u0131. Sanat\u00e7\u0131lar\u0131 s\u0131n\u0131rlamayan \u2019temas\u0131zl\u0131k\u2019 yakla\u015f\u0131m\u0131yla \u00f6ne \u00e7\u0131kan sergi, ticari ve ideolojik bask\u0131lardan uzak bir sanat anlay\u0131\u015f\u0131n\u0131 savunuyor. Bu y\u00f6n\u00fcyle Ekim Ge\u00e7idi, yerel duyarl\u0131l\u0131kla evrensel sanat\u0131 bulu\u015fturan \u00f6zg\u00fcn bir platform olmay\u0131 s\u00fcrd\u00fcr\u00fcyor.<\/p>\n<p>Cumhuriyetimizin 102. y\u0131l\u0131 co\u015fkusunu sanatla bir araya getiren proje, Mu\u011fla B\u00fcy\u00fck\u015fehir Belediyesi, Bodrum Belediyesi ve Mente\u015fe Belediyesi\u2019nin destekleriyle d\u00fczenlendi. &#8220;Uluslararas\u0131 Ekim Ge\u00e7idi&#8221; Mu\u011fla\u2019da, Atat\u00fcrk\u2019\u00fcn izinde, \u00f6zg\u00fcr d\u00fc\u015f\u00fcncenin ve \u00e7a\u011fda\u015f sanat\u0131n birle\u015fti\u011fi bir bulu\u015fma noktas\u0131 olarak sanatseverlere kap\u0131lar\u0131n\u0131 a\u00e7t\u0131.<\/p>\n<p>&#8220;Bizlere kazand\u0131r\u0131lan \u00e7ok g\u00fczel bir proje&#8221;<br \/>\n<br \/>Eseriyle Ekim Ge\u00e7idi sergisine kat\u0131lan Ressam \u00dcmit G\u00f6nen\u00e7, &#8220;Ekim Ge\u00e7idi G\u00fcls\u00fcn Erbil hocam\u0131z\u0131n bizlere kazand\u0131rd\u0131\u011f\u0131 \u00e7ok g\u00fczel bir proje. Bir\u00e7ok farkl\u0131 \u015fehirde ger\u00e7ekle\u015ftirilen sergi bu y\u0131l da Mu\u011fla\u2019da ger\u00e7ekle\u015fiyor. \u00d6zellikle Cumhuriyet Bayram\u0131\u2019n\u0131n oldu\u011fu Ekim ay\u0131nda yap\u0131lmas\u0131 da beni \u00e7ok mutlu ediyor&#8221; dedi.<\/p>\n<p>\u00d6\u011frenci Balka: &#8220;Bu tarz etkinliklerle kar\u015f\u0131la\u015fmak beni mutlu ediyor&#8221;<br \/>\n<br \/>\u00d6\u011frenci R\u00fcveyda Balka, &#8220;Ekim Ge\u00e7idi Sergisi\u2019ni hocalar\u0131m tavsiye etti.  Mu\u011fla\u2019da tarz etkinliklerle kar\u015f\u0131la\u015fmak beni mutlu ediyor. \u00d6zellikle b\u00f6l\u00fcm\u00fcmle alakal\u0131 oldu\u011fu i\u00e7in de dikkatimi \u00e7ekti herkesin g\u00f6rmesi gereken \u00e7ok g\u00fczel bir sergi&#8221; diye konu\u015ftu.<\/p>\n<p>Taylor: &#8220;Ge\u00e7mi\u015f ile gelece\u011fi bulu\u015fturuyoruz&#8221;<br \/>\n<br \/>Koordinat\u00f6r Ressam Filiz Taylor, &#8220;Ekim Ge\u00e7idi Projesi, 35 y\u0131ld\u0131r s\u00fcregelen bu y\u0131l da 24. y\u0131l\u0131n\u0131 kutlad\u0131\u011f\u0131m\u0131z bir proje. \u00dclkemizin \u00e7e\u015fitli illerinde kutlanan proje bu y\u0131l da Atat\u00fcrk ve silah arkada\u015flar\u0131n\u0131n an\u0131s\u0131n\u0131 ya\u015fat\u0131yor. 54 sanat\u00e7\u0131yla ger\u00e7ekle\u015ftirdi\u011fimiz Ekim Ge\u00e7idi\u2019nin ilk aya\u011f\u0131n\u0131 Bodrum\u2019da ger\u00e7ekle\u015ftirdik. \u0130kinci aya\u011f\u0131n\u0131 ise tarihi Sekiba\u015f\u0131 Hamam\u0131\u2019nda ger\u00e7ekle\u015ftirdik. Belediyelerimiz taraf\u0131ndan sanata arma\u011fan edilen b\u00f6yle bir yerde bu sergiyi ger\u00e7ekle\u015ftirmek ge\u00e7mi\u015f ile gelece\u011fi bulu\u015fturmam\u0131z\u0131 sa\u011fl\u0131yor. Belediyelerimize bu projeye verdi\u011fi destek i\u00e7in de \u00e7ok te\u015fekk\u00fcr ediyoruz&#8221; dedi.<\/p>\n<p>H\u00fclya Muratl\u0131: &#8220;Mu\u011fla, Ekim Ge\u00e7idi\u2019nin ruhuna yak\u0131\u015fan bir durak oldu&#8221;<br \/>\n<br \/>Mu\u011fla B\u00fcy\u00fck\u015fehir Belediyesi K\u00fclt\u00fcr, Sanat ve Sosyal \u0130\u015fler Dairesi Ba\u015fkan\u0131 H\u00fclya Muratl\u0131, &#8220;Ekim Ge\u00e7idi, her y\u0131l Ekim ay\u0131nda, Cumhuriyetimizin kurulu\u015funu simgeleyen bu \u00f6zel ayda yap\u0131lmaktad\u0131r. Bu y\u0131l bu anlaml\u0131 serginin Mu\u011fla\u2019da ger\u00e7ekle\u015fiyor olmas\u0131ndan b\u00fcy\u00fck mutluluk duyuyoruz. Tarihi, do\u011fas\u0131 ve k\u00fclt\u00fcrel birikimiyle sanatla i\u00e7 i\u00e7e bir \u015fehir olan Mu\u011fla, Ekim Ge\u00e7idi\u2019nin ruhuna yak\u0131\u015fan bir durak oldu. Bug\u00fcn burada g\u00f6rd\u00fc\u011f\u00fcm\u00fcz her eser, bir birlik bilincinin yans\u0131mas\u0131d\u0131r. Ekim Ge\u00e7idi de tam olarak bu \u00f6zg\u00fcrl\u00fc\u011f\u00fcn, bu payla\u015f\u0131m\u0131n ad\u0131d\u0131r&#8221; a\u00e7\u0131klamas\u0131nda bulundu.<\/p>\n<p>Ba\u015fkan Aras: &#8220;Sanat, cumhuriyetin en g\u00fc\u00e7l\u00fc anlat\u0131m dilidir&#8221;<br \/>\n<br \/>K\u0131y\u0131 Ege Belediyeler Birli\u011fi ve Mu\u011fla B\u00fcy\u00fck\u015fehir Belediye Ba\u015fkan\u0131 Ahmet Aras, sergiye ili\u015fkin de\u011ferlendirmesinde \u015funlar\u0131 s\u00f6yledi: &#8220;Cumhuriyetimizin 102. y\u0131l\u0131nda, sanat\u0131n birle\u015ftirici g\u00fcc\u00fcn\u00fc Mu\u011fla\u2019da hissetmek b\u00fcy\u00fck bir onur. Ekim Ge\u00e7idi, sanat\u00e7\u0131lara \u00f6zg\u00fcrl\u00fck alan\u0131 a\u00e7an, kentleri sanatla bulu\u015fturan \u00e7ok k\u0131ymetli bir hareket. Biz, k\u00fclt\u00fcr ve sanat\u0131 sadece desteklemekle kalm\u0131yor; onlar\u0131 kamusal ya\u015fam\u0131n bir par\u00e7as\u0131 haline getirmek istiyoruz. \u00c7\u00fcnk\u00fc sanat, Cumhuriyetin en g\u00fc\u00e7l\u00fc anlat\u0131m dilidir. Mu\u011fla, bu dili koruyacak, b\u00fcy\u00fctecek ve gelecek ku\u015faklara ta\u015f\u0131yacak bir kent.&#8221;<br \/><\/p>\n","protected":false},"excerpt":{"rendered":"<p>Mu\u011fla B\u00fcy\u00fck\u015fehir Belediyesi\u2019nin destekleriyle d\u00fczenlenen \u00e7a\u011fda\u015f sanat\u0131n \u00f6nc\u00fc isimlerinden Ressam G\u00fcls\u00fcn Erbil\u2019in projesi olan \u2019Uluslararas\u0131 Ekim Ge\u00e7idi\u2019 bu y\u0131l Mu\u011fla\u2019da sanatseverlerle bulu\u015ftu. Ressam Filiz Taylor koordinat\u00f6rl\u00fc\u011f\u00fcnde ger\u00e7ekle\u015ftirilen sergi, 54 yerli ve yabanc\u0131 sanat\u00e7\u0131n\u0131n kat\u0131l\u0131m\u0131yla sanat\u0131n evrensel dilini Mu\u011fla\u2019ya ta\u015f\u0131d\u0131. 2000\u2019li y\u0131llar\u0131n ba\u015f\u0131ndan bu yana kesintisiz s\u00fcrd\u00fcr\u00fclen Ekim Ge\u00e7idi Sergisi bu y\u0131l uluslararas\u0131 bir boyut kazanarak&#8230;<\/p>\n","protected":false},"author":1,"featured_media":67560,"comment_status":"open","ping_status":"open","sticky":false,"template":"","format":"standard","meta":{"_crdt_document":"","footnotes":""},"categories":[1],"tags":[],"class_list":["post-67559","post","type-post","status-publish","format-standard","has-post-thumbnail","hentry","category-guncel"],"_links":{"self":[{"href":"https:\/\/www.egemtv.com\/index.php?rest_route=\/wp\/v2\/posts\/67559","targetHints":{"allow":["GET"]}}],"collection":[{"href":"https:\/\/www.egemtv.com\/index.php?rest_route=\/wp\/v2\/posts"}],"about":[{"href":"https:\/\/www.egemtv.com\/index.php?rest_route=\/wp\/v2\/types\/post"}],"author":[{"embeddable":true,"href":"https:\/\/www.egemtv.com\/index.php?rest_route=\/wp\/v2\/users\/1"}],"replies":[{"embeddable":true,"href":"https:\/\/www.egemtv.com\/index.php?rest_route=%2Fwp%2Fv2%2Fcomments&post=67559"}],"version-history":[{"count":1,"href":"https:\/\/www.egemtv.com\/index.php?rest_route=\/wp\/v2\/posts\/67559\/revisions"}],"predecessor-version":[{"id":67561,"href":"https:\/\/www.egemtv.com\/index.php?rest_route=\/wp\/v2\/posts\/67559\/revisions\/67561"}],"wp:featuredmedia":[{"embeddable":true,"href":"https:\/\/www.egemtv.com\/index.php?rest_route=\/wp\/v2\/media\/67560"}],"wp:attachment":[{"href":"https:\/\/www.egemtv.com\/index.php?rest_route=%2Fwp%2Fv2%2Fmedia&parent=67559"}],"wp:term":[{"taxonomy":"category","embeddable":true,"href":"https:\/\/www.egemtv.com\/index.php?rest_route=%2Fwp%2Fv2%2Fcategories&post=67559"},{"taxonomy":"post_tag","embeddable":true,"href":"https:\/\/www.egemtv.com\/index.php?rest_route=%2Fwp%2Fv2%2Ftags&post=67559"}],"curies":[{"name":"wp","href":"https:\/\/api.w.org\/{rel}","templated":true}]}}