{"id":67556,"date":"2025-11-13T12:35:27","date_gmt":"2025-11-13T09:35:27","guid":{"rendered":"https:\/\/www.egemtv.com\/?p=67556"},"modified":"2025-11-13T12:35:28","modified_gmt":"2025-11-13T09:35:28","slug":"mugla-buyuksehir-belediyesinden-kizilaya-kan-bagisi-destegi","status":"publish","type":"post","link":"https:\/\/www.egemtv.com\/?p=67556","title":{"rendered":"Mu\u011fla B\u00fcy\u00fck\u015fehir Belediyesi\u2019nden K\u0131z\u0131lay\u2019a kan ba\u011f\u0131\u015f\u0131 deste\u011fi"},"content":{"rendered":"<p>Mu\u011fla B\u00fcy\u00fck\u015fehir Belediyesi, K\u0131z\u0131lay\u2019\u0131n artan kan ihtiyac\u0131na destek olmak amac\u0131yla 17-21 Kas\u0131m tarihleri aras\u0131nda il genelinde kapsaml\u0131 bir kan ba\u011f\u0131\u015f\u0131 kampanyas\u0131 d\u00fczenliyor. B\u00fcy\u00fck\u015fehir ve il\u00e7e belediyesi \u00e7al\u0131\u015fanlar\u0131n\u0131n g\u00f6n\u00fcll\u00fc kat\u0131l\u0131m\u0131yla ba\u015flat\u0131lan kampanya, hem fark\u0131ndal\u0131k olu\u015fturmay\u0131 hem de K\u0131z\u0131lay\u2019\u0131n kan stoklar\u0131na katk\u0131 sunmay\u0131 hedefliyor.<\/p>\n<p>Kampanya kapsam\u0131nda 7 il\u00e7e meydan\u0131nda kan ba\u011f\u0131\u015f\u0131 kabul edilecek. Mu\u011fla B\u00fcy\u00fck\u015fehir Belediyesi, yaln\u0131zca \u00e7al\u0131\u015fanlar\u0131yla ba\u011f\u0131\u015f deste\u011fi vermekle kalmay\u0131p, ayn\u0131 zamanda K\u0131z\u0131lay ekiplerinin rahat \u00e7al\u0131\u015fabilmesi i\u00e7in il\u00e7e meydanlar\u0131nda yer ve organizasyon deste\u011fi de sa\u011fl\u0131yor. Kan ba\u011f\u0131\u015f\u0131 noktalar\u0131 ve tarihleri ise; 17.11.2025 10.00-18.00 Mente\u015fe Gazi Mustafa Kemal K\u00fclt\u00fcr Merkezi, 18.11.2025 11.00-18.00 Bodrum Konac\u0131k Hizmet Binas\u0131 E\u011fitim Salonu, 18.11.2025 10.00-18.00 Marmaris T\u00fcrkmenistan Park\u0131, 19.11.2025 10.00-18.00 Milas Atapark Meydan\u0131, 20.11.2025  10.00-18.00 Ortaca  Eski Devlet Hastanesi Bah\u00e7esi, 21.11.2025 10.00-18.00 Fethiye U\u011fur Mumcu Otopark\u0131, 21.11.2025 10.00-17.00 Dat\u00e7a MUSK\u0130 Abone \u0130\u015fleri \u00d6n\u00fc olarak belirtildi.<\/p>\n<p>K\u0131y\u0131 Ege Belediyeler Birli\u011fi ve Mu\u011fla B\u00fcy\u00fck\u015fehir Belediye Ba\u015fkan\u0131 Ahmet Aras, &#8220;Kan ba\u011f\u0131\u015f\u0131, toplumsal dayan\u0131\u015fman\u0131n en anlaml\u0131 \u00f6rneklerinden biridir. K\u0131z\u0131lay\u2019\u0131n kan stoklar\u0131n\u0131 g\u00fc\u00e7lendirmek hepimizin sorumlulu\u011fudur. B\u00fcy\u00fck\u015fehir ve il\u00e7e belediyelerimizin g\u00f6n\u00fcll\u00fc \u00e7al\u0131\u015fanlar\u0131yla bu kampanyaya destek olmaktan gurur duyuyoruz. Kan vermek, bir hayat\u0131 yeniden filizlendirebilir. T\u00fcm hem\u015fehrilerimi bu iyilik zincirine kat\u0131lmaya davet ediyorum&#8221; dedi.<br \/><\/p>\n","protected":false},"excerpt":{"rendered":"<p>Mu\u011fla B\u00fcy\u00fck\u015fehir Belediyesi, K\u0131z\u0131lay\u2019\u0131n artan kan ihtiyac\u0131na destek olmak amac\u0131yla 17-21 Kas\u0131m tarihleri aras\u0131nda il genelinde kapsaml\u0131 bir kan ba\u011f\u0131\u015f\u0131 kampanyas\u0131 d\u00fczenliyor. B\u00fcy\u00fck\u015fehir ve il\u00e7e belediyesi \u00e7al\u0131\u015fanlar\u0131n\u0131n g\u00f6n\u00fcll\u00fc kat\u0131l\u0131m\u0131yla ba\u015flat\u0131lan kampanya, hem fark\u0131ndal\u0131k olu\u015fturmay\u0131 hem de K\u0131z\u0131lay\u2019\u0131n kan stoklar\u0131na katk\u0131 sunmay\u0131 hedefliyor. Kampanya kapsam\u0131nda 7 il\u00e7e meydan\u0131nda kan ba\u011f\u0131\u015f\u0131 kabul edilecek. Mu\u011fla B\u00fcy\u00fck\u015fehir Belediyesi, yaln\u0131zca&#8230;<\/p>\n","protected":false},"author":1,"featured_media":67557,"comment_status":"open","ping_status":"open","sticky":false,"template":"","format":"standard","meta":{"_crdt_document":"","footnotes":""},"categories":[1],"tags":[],"class_list":["post-67556","post","type-post","status-publish","format-standard","has-post-thumbnail","hentry","category-guncel"],"_links":{"self":[{"href":"https:\/\/www.egemtv.com\/index.php?rest_route=\/wp\/v2\/posts\/67556","targetHints":{"allow":["GET"]}}],"collection":[{"href":"https:\/\/www.egemtv.com\/index.php?rest_route=\/wp\/v2\/posts"}],"about":[{"href":"https:\/\/www.egemtv.com\/index.php?rest_route=\/wp\/v2\/types\/post"}],"author":[{"embeddable":true,"href":"https:\/\/www.egemtv.com\/index.php?rest_route=\/wp\/v2\/users\/1"}],"replies":[{"embeddable":true,"href":"https:\/\/www.egemtv.com\/index.php?rest_route=%2Fwp%2Fv2%2Fcomments&post=67556"}],"version-history":[{"count":1,"href":"https:\/\/www.egemtv.com\/index.php?rest_route=\/wp\/v2\/posts\/67556\/revisions"}],"predecessor-version":[{"id":67558,"href":"https:\/\/www.egemtv.com\/index.php?rest_route=\/wp\/v2\/posts\/67556\/revisions\/67558"}],"wp:featuredmedia":[{"embeddable":true,"href":"https:\/\/www.egemtv.com\/index.php?rest_route=\/wp\/v2\/media\/67557"}],"wp:attachment":[{"href":"https:\/\/www.egemtv.com\/index.php?rest_route=%2Fwp%2Fv2%2Fmedia&parent=67556"}],"wp:term":[{"taxonomy":"category","embeddable":true,"href":"https:\/\/www.egemtv.com\/index.php?rest_route=%2Fwp%2Fv2%2Fcategories&post=67556"},{"taxonomy":"post_tag","embeddable":true,"href":"https:\/\/www.egemtv.com\/index.php?rest_route=%2Fwp%2Fv2%2Ftags&post=67556"}],"curies":[{"name":"wp","href":"https:\/\/api.w.org\/{rel}","templated":true}]}}