{"id":67394,"date":"2025-11-12T14:34:54","date_gmt":"2025-11-12T11:34:54","guid":{"rendered":"https:\/\/www.egemtv.com\/?p=67394"},"modified":"2025-11-12T14:34:54","modified_gmt":"2025-11-12T11:34:54","slug":"buyuksehirin-ata-tohumlarina-yogun-ilgi","status":"publish","type":"post","link":"https:\/\/www.egemtv.com\/?p=67394","title":{"rendered":"B\u00fcy\u00fck\u015fehir\u2019in ata tohumlar\u0131na yo\u011fun ilgi"},"content":{"rendered":"<p>Ayd\u0131n B\u00fcy\u00fck\u015fehir Belediyesi taraf\u0131ndan da\u011f\u0131t\u0131m\u0131 yap\u0131lan k\u0131\u015fl\u0131k ata tohumu fidelerine vatanda\u015flar yo\u011fun ilgi g\u00f6sterince 80 bin fide yar\u0131m saatte bitti.<\/p>\n<p>Ayd\u0131n B\u00fcy\u00fck\u015fehir Belediyesi\u2019nin Ayd\u0131n\u2019\u0131n yerel tohumlar\u0131n\u0131n kaybolmas\u0131n\u0131n \u00f6n\u00fcne ge\u00e7ip gelecek nesillere aktarabilmek i\u00e7in ba\u015flatt\u0131\u011f\u0131 &#8220;Ata Tohumlar\u0131&#8221; projesinde elde edilen fideler vatanda\u015flar ile bulu\u015fturulmaya devam ediliyor. Onlarca farkl\u0131 sebze ve meyvenin farkl\u0131 varyant\u0131ndan elde edilen fideler, her y\u0131l oldu\u011fu gibi bu y\u0131l da vatanda\u015flara \u00fccretsiz olarak da\u011f\u0131t\u0131ld\u0131. Atat\u00fcrk Kent Meydan\u0131\u2019nda yap\u0131lan ve karnabahar, brokoli, marul, lahana fidelerinin da\u011f\u0131t\u0131m\u0131na vatanda\u015flar yo\u011fun ilgi g\u00f6sterdi. Kuyrukta bekleyen vatanda\u015flar da\u011f\u0131t\u0131lan fideleri almak i\u00e7in adeta birbiriyle yar\u0131\u015ft\u0131. Vatanda\u015flar i\u00e7in Kent Meydan\u0131\u2019na getirilen 80 bin fide ise yo\u011fun ilgi sonras\u0131nda yar\u0131m saatte bitti.<\/p>\n<p>Ayd\u0131n B\u00fcy\u00fck\u015fehir Belediye Ba\u015fkan\u0131 \u00d6zlem \u00c7er\u00e7io\u011flu, ata tohumlar\u0131n\u0131n yaln\u0131zca bir tar\u0131msal \u00fcretim unsuru de\u011fil, ayn\u0131 zamanda bir k\u00fclt\u00fcrel miras oldu\u011funu belirterek &#8220;B\u00fcy\u00fck\u015fehir Belediyesi olarak kentimizin d\u00f6rt bir yan\u0131nda vatanda\u015flar\u0131m\u0131za Ata Tohumlar\u0131ndan \u00fcretti\u011fimiz fideleri ula\u015ft\u0131rmay\u0131 s\u00fcrd\u00fcrece\u011fiz. B\u00f6ylece hem \u00fcretimin devaml\u0131l\u0131\u011f\u0131n\u0131 sa\u011fl\u0131yor hem de bu de\u011ferli miras\u0131 gelecek nesillere aktar\u0131yoruz. \u00c7al\u0131\u015fmalar\u0131m\u0131za devam edece\u011fiz&#8221; dedi.<\/p>\n<p>&#8220;Ata tohumu \u00e7ok k\u0131ymetli&#8221;<br \/>\n<br \/>Uzun s\u00fcre kuyrukta bekledikten sonra ata tohumu fidelerini alan vatanda\u015flardan Esma \u00c7elikkol; &#8220;\u00c7ok memnunuz, dikece\u011fiz. Ata tohumunu \u00fcretiriz in\u015fallah&#8221; dedi.<\/p>\n<p>Ayd\u0131n\u2019a ziyarete gelen ve ilk kez ata tohumu ald\u0131\u011f\u0131n\u0131 ifade eden Sema Utray ise projenin anlaml\u0131 oldu\u011funu ifade ederek &#8220;Ben ilk kez al\u0131yorum bunu. Bitkiyi tan\u0131y\u0131p, topra\u011f\u0131ma uyup uymayaca\u011f\u0131na bakaca\u011f\u0131m. Saks\u0131da yeti\u015ftirebilece\u011fim bir\u015fey ise kendi saks\u0131lar\u0131ma dikece\u011fim. Toprakta ise ablama verece\u011fim. Onun bah\u00e7esi var \u00e7\u00fcnk\u00fc&#8221; dedi.<\/p>\n<p>Her sene \u00fccretsiz da\u011f\u0131t\u0131lan ata tohumu fidelerini ald\u0131\u011f\u0131n\u0131 ifade eden vatanda\u015flardan Semra Kahraman; &#8220;Her sene al\u0131yorum, bah\u00e7eme dikiyorum. Ge\u00e7en sene alm\u0131\u015ft\u0131m. Ondan \u00f6nce de \u00e7i\u00e7ek alm\u0131\u015ft\u0131m. Te\u015fekk\u00fcr ediyoruz. Proje g\u00fczel. Ke\u015fke daha fazla olsa. \u00c7ift\u00e7ilerimize daha \u00e7ok \u00f6nem verilse, insanlar\u0131m\u0131za da\u011f\u0131t\u0131lsa daha iyi olur&#8221; \u015feklinde konu\u015ftu.<\/p>\n<p>Ata tohumu projesinin devam etmesi temennisinde bulunan Muhsine \u00c7etinkaya da &#8220;Ge\u00e7en sene ald\u0131k, daha \u00f6ncelerde g\u00f6rmemi\u015ftik biz. Ge\u00e7en sene diktik. Bir iki defa karnabahardan brokoliden. \u00c7ok g\u00fczel bir hizmet, her zaman olmas\u0131n\u0131 bekleriz. Bu eski tohumlar\u0131n devam etmesini istiyoruz&#8221; dedi.<\/p>\n<p>Ata tohumlar\u0131n\u0131n hazine kadar de\u011ferli oldu\u011funu vurgulayan Filiz Erdem ise &#8220;\u00d6zlem ba\u015fkan\u0131m\u0131n yapt\u0131\u011f\u0131 here \u015fey \u00e7ok g\u00fczel. Tarif edilmez. Arkas\u0131nday\u0131z sonuna kadar. \u0130lk defa al\u0131yorum tohumlardan yerimiz var oraya dikece\u011fiz. Ata tohumu \u00e7\u00fcnk\u00fc. Bunlar \u00e7ok de\u011ferli \u00e7ok k\u0131ymetli. Hazine yani bunlar. Eski ata tohumlar\u0131n\u0131 bulmak \u00e7ok zor bu devirde&#8221; ifadelerini kulland\u0131.<br \/><\/p>\n","protected":false},"excerpt":{"rendered":"<p>Ayd\u0131n B\u00fcy\u00fck\u015fehir Belediyesi taraf\u0131ndan da\u011f\u0131t\u0131m\u0131 yap\u0131lan k\u0131\u015fl\u0131k ata tohumu fidelerine vatanda\u015flar yo\u011fun ilgi g\u00f6sterince 80 bin fide yar\u0131m saatte bitti. Ayd\u0131n B\u00fcy\u00fck\u015fehir Belediyesi\u2019nin Ayd\u0131n\u2019\u0131n yerel tohumlar\u0131n\u0131n kaybolmas\u0131n\u0131n \u00f6n\u00fcne ge\u00e7ip gelecek nesillere aktarabilmek i\u00e7in ba\u015flatt\u0131\u011f\u0131 &#8220;Ata Tohumlar\u0131&#8221; projesinde elde edilen fideler vatanda\u015flar ile bulu\u015fturulmaya devam ediliyor. Onlarca farkl\u0131 sebze ve meyvenin farkl\u0131 varyant\u0131ndan elde edilen fideler,&#8230;<\/p>\n","protected":false},"author":1,"featured_media":67395,"comment_status":"open","ping_status":"open","sticky":false,"template":"","format":"standard","meta":{"_crdt_document":"","footnotes":""},"categories":[1],"tags":[],"class_list":["post-67394","post","type-post","status-publish","format-standard","has-post-thumbnail","hentry","category-guncel"],"_links":{"self":[{"href":"https:\/\/www.egemtv.com\/index.php?rest_route=\/wp\/v2\/posts\/67394","targetHints":{"allow":["GET"]}}],"collection":[{"href":"https:\/\/www.egemtv.com\/index.php?rest_route=\/wp\/v2\/posts"}],"about":[{"href":"https:\/\/www.egemtv.com\/index.php?rest_route=\/wp\/v2\/types\/post"}],"author":[{"embeddable":true,"href":"https:\/\/www.egemtv.com\/index.php?rest_route=\/wp\/v2\/users\/1"}],"replies":[{"embeddable":true,"href":"https:\/\/www.egemtv.com\/index.php?rest_route=%2Fwp%2Fv2%2Fcomments&post=67394"}],"version-history":[{"count":1,"href":"https:\/\/www.egemtv.com\/index.php?rest_route=\/wp\/v2\/posts\/67394\/revisions"}],"predecessor-version":[{"id":67396,"href":"https:\/\/www.egemtv.com\/index.php?rest_route=\/wp\/v2\/posts\/67394\/revisions\/67396"}],"wp:featuredmedia":[{"embeddable":true,"href":"https:\/\/www.egemtv.com\/index.php?rest_route=\/wp\/v2\/media\/67395"}],"wp:attachment":[{"href":"https:\/\/www.egemtv.com\/index.php?rest_route=%2Fwp%2Fv2%2Fmedia&parent=67394"}],"wp:term":[{"taxonomy":"category","embeddable":true,"href":"https:\/\/www.egemtv.com\/index.php?rest_route=%2Fwp%2Fv2%2Fcategories&post=67394"},{"taxonomy":"post_tag","embeddable":true,"href":"https:\/\/www.egemtv.com\/index.php?rest_route=%2Fwp%2Fv2%2Ftags&post=67394"}],"curies":[{"name":"wp","href":"https:\/\/api.w.org\/{rel}","templated":true}]}}