{"id":67391,"date":"2025-11-12T14:34:53","date_gmt":"2025-11-12T11:34:53","guid":{"rendered":"https:\/\/www.egemtv.com\/?p=67391"},"modified":"2025-11-12T14:34:54","modified_gmt":"2025-11-12T11:34:54","slug":"sokede-losemiyi-atlatan-masalin-umudu-gokyuzune-uctu","status":"publish","type":"post","link":"https:\/\/www.egemtv.com\/?p=67391","title":{"rendered":"S\u00f6ke\u2019de L\u00f6semi\u2019yi atlatan Masal\u2019\u0131n Umudu G\u00f6ky\u00fcz\u00fcne U\u00e7tu"},"content":{"rendered":"<p>Ayd\u0131n\u2019\u0131n S\u00f6ke il\u00e7esinde l\u00f6semiyi yenen 7 ya\u015f\u0131ndaki Masal \u00d6zdirekcan i\u00e7in d\u00fczenlenen balon u\u00e7urma etkinli\u011fi duygu dolu anlara sahne oldu.<\/p>\n<p>\u0130ki y\u0131l \u00f6nce okulda fenala\u015fmas\u0131n\u0131n ard\u0131ndan Ayd\u0131n Adnan Menderes \u00dcniversitesi (AD\u00dc) Ara\u015ft\u0131rma Hastanesi\u2019nde l\u00f6semi te\u015fhisi konulan Masal, uzun ve zorlu bir tedavi s\u00fcrecinin ard\u0131ndan sa\u011fl\u0131\u011f\u0131na kavu\u015ftu. Doktorlar\u0131ndan &#8220;art\u0131k iyisin&#8221; haberini alan k\u00fc\u00e7\u00fck Masal, ailesi ve sevenleriyle birlikte bu mutlulu\u011funu S\u00f6ke Belediye Meydan\u0131\u2019nda kutlad\u0131.<\/p>\n<p>Masal\u2019\u0131n sevincine ortak olmak isteyen Germencik Y\u00f6r\u00fckler Derne\u011fi Kad\u0131n Kollar\u0131 S\u00f6ke \u015eubesi, &#8220;L\u00f6semi Bitti&#8221; temas\u0131yla anlaml\u0131 bir etkinlik organize etti. Etkinlikte g\u00f6ky\u00fcz\u00fcne b\u0131rak\u0131lan turuncu balonlar, hem Masal\u2019\u0131n yeniden do\u011fu\u015funu simgeledi hem de l\u00f6semiyle m\u00fccadele eden t\u00fcm \u00e7ocuklara umut mesaj\u0131 ta\u015f\u0131d\u0131.<\/p>\n<p>Etkinli\u011fin \u00f6nc\u00fclerinden Zeynep Sungurhan, &#8220;Masal iki y\u0131l \u00f6nce l\u00f6semi hastas\u0131yd\u0131. Tedavi s\u00fcrecinde b\u00fcy\u00fck bir azim g\u00f6sterdi, hi\u00e7 pes etmedi. Bug\u00fcn burada hep birlikte \u2018l\u00f6semi bitti\u2019 diyoruz. Kat\u0131lan ve destek veren herkese te\u015fekk\u00fcr ediyorum&#8221; dedi. K\u00fc\u00e7\u00fck Masal ise y\u00fcz\u00fcndeki tebess\u00fcmle k\u0131saca, &#8220;\u00c7ok mutluyum&#8221; diyerek sevincini payla\u015ft\u0131.<\/p>\n<p>Turuncu balonlar\u0131n s\u00fcsledi\u011fi g\u00f6ky\u00fcz\u00fc, Masal\u2019\u0131n iyile\u015fme hikayesiyle birlikte umut ve dayan\u0131\u015fman\u0131n da sembol\u00fc oldu.<br \/><\/p>\n","protected":false},"excerpt":{"rendered":"<p>Ayd\u0131n\u2019\u0131n S\u00f6ke il\u00e7esinde l\u00f6semiyi yenen 7 ya\u015f\u0131ndaki Masal \u00d6zdirekcan i\u00e7in d\u00fczenlenen balon u\u00e7urma etkinli\u011fi duygu dolu anlara sahne oldu. \u0130ki y\u0131l \u00f6nce okulda fenala\u015fmas\u0131n\u0131n ard\u0131ndan Ayd\u0131n Adnan Menderes \u00dcniversitesi (AD\u00dc) Ara\u015ft\u0131rma Hastanesi\u2019nde l\u00f6semi te\u015fhisi konulan Masal, uzun ve zorlu bir tedavi s\u00fcrecinin ard\u0131ndan sa\u011fl\u0131\u011f\u0131na kavu\u015ftu. Doktorlar\u0131ndan &#8220;art\u0131k iyisin&#8221; haberini alan k\u00fc\u00e7\u00fck Masal, ailesi ve sevenleriyle&#8230;<\/p>\n","protected":false},"author":1,"featured_media":67392,"comment_status":"open","ping_status":"open","sticky":false,"template":"","format":"standard","meta":{"_crdt_document":"","footnotes":""},"categories":[123],"tags":[],"class_list":["post-67391","post","type-post","status-publish","format-standard","has-post-thumbnail","hentry","category-gundem"],"_links":{"self":[{"href":"https:\/\/www.egemtv.com\/index.php?rest_route=\/wp\/v2\/posts\/67391","targetHints":{"allow":["GET"]}}],"collection":[{"href":"https:\/\/www.egemtv.com\/index.php?rest_route=\/wp\/v2\/posts"}],"about":[{"href":"https:\/\/www.egemtv.com\/index.php?rest_route=\/wp\/v2\/types\/post"}],"author":[{"embeddable":true,"href":"https:\/\/www.egemtv.com\/index.php?rest_route=\/wp\/v2\/users\/1"}],"replies":[{"embeddable":true,"href":"https:\/\/www.egemtv.com\/index.php?rest_route=%2Fwp%2Fv2%2Fcomments&post=67391"}],"version-history":[{"count":1,"href":"https:\/\/www.egemtv.com\/index.php?rest_route=\/wp\/v2\/posts\/67391\/revisions"}],"predecessor-version":[{"id":67393,"href":"https:\/\/www.egemtv.com\/index.php?rest_route=\/wp\/v2\/posts\/67391\/revisions\/67393"}],"wp:featuredmedia":[{"embeddable":true,"href":"https:\/\/www.egemtv.com\/index.php?rest_route=\/wp\/v2\/media\/67392"}],"wp:attachment":[{"href":"https:\/\/www.egemtv.com\/index.php?rest_route=%2Fwp%2Fv2%2Fmedia&parent=67391"}],"wp:term":[{"taxonomy":"category","embeddable":true,"href":"https:\/\/www.egemtv.com\/index.php?rest_route=%2Fwp%2Fv2%2Fcategories&post=67391"},{"taxonomy":"post_tag","embeddable":true,"href":"https:\/\/www.egemtv.com\/index.php?rest_route=%2Fwp%2Fv2%2Ftags&post=67391"}],"curies":[{"name":"wp","href":"https:\/\/api.w.org\/{rel}","templated":true}]}}