{"id":67388,"date":"2025-11-12T14:14:57","date_gmt":"2025-11-12T11:14:57","guid":{"rendered":"https:\/\/www.egemtv.com\/?p=67388"},"modified":"2025-11-12T14:14:58","modified_gmt":"2025-11-12T11:14:58","slug":"kaymakam-ilhan-pazarda-vatandaslar-ve-esnafla-bir-araya-geldi","status":"publish","type":"post","link":"https:\/\/www.egemtv.com\/?p=67388","title":{"rendered":"Kaymakam \u0130lhan, pazarda vatanda\u015flar ve esnafla bir araya geldi"},"content":{"rendered":"<p>Yata\u011fan Kaymakam\u0131 Turgay \u0130lhan, il\u00e7e merkezinde kurulan \u00c7ar\u015famba Pazar\u0131\u2019n\u0131 gezerek vatanda\u015flar ve esnafla ile bir araya geldi.<\/p>\n<p>Pazar tezgahlar\u0131n\u0131 tek tek gezen Kaymakam \u0130lhan, hem al\u0131\u015fveri\u015f yapan vatanda\u015flarla hem de esnaflarla sohbet ederek istek, dilek ve \u015fikayetlerini dinledi. Esnaf\u0131n durumu ve pazar yerindeki genel i\u015fleyi\u015f hakk\u0131nda bilgiler alan \u0130lhan, vatanda\u015flara hay\u0131rl\u0131 al\u0131\u015fveri\u015fler diledi.<\/p>\n<p>Kaymakam \u0130lhan, kamu hizmetlerinin vatanda\u015f memnuniyeti odakl\u0131 y\u00fcr\u00fct\u00fcld\u00fc\u011f\u00fcn\u00fc belirterek, &#8220;Vatanda\u015f\u0131m\u0131z\u0131n ve esnaf\u0131m\u0131z\u0131n taleplerini yerinde dinlemek, sorunlar\u0131 do\u011frudan g\u00f6rmek bizler i\u00e7in \u00e7ok \u00f6nemli. Amac\u0131m\u0131z her zaman il\u00e7emize en iyi hizmeti sunmak&#8221; ifadelerini kulland\u0131.<\/p>\n<p>Pazar ziyareti s\u0131ras\u0131nda Kaymakam Turgay \u0130lhan\u2019a ilgi g\u00f6steren vatanda\u015flar ve esnaflar, yap\u0131lan ziyaretten duyduklar\u0131 memnuniyeti dile getirdiler. Kaymakam \u0130lhan\u2019\u0131n sahaya inerek sorunlar\u0131 yerinde dinlemesinin kendilerini mutlu etti\u011fini ifade eden esnaflar, &#8220;Devletin temsilcisinin yan\u0131m\u0131zda olmas\u0131 bizlere moral veriyor&#8221; \u015feklinde konu\u015ftu. Vatanda\u015flar da, Kaymakam \u0130lhan\u2019\u0131n samimi yakla\u015f\u0131m\u0131n\u0131n ve ilgisinin kendilerini memnun etti\u011fini belirterek te\u015fekk\u00fcr ettiler.<br \/><\/p>\n","protected":false},"excerpt":{"rendered":"<p>Yata\u011fan Kaymakam\u0131 Turgay \u0130lhan, il\u00e7e merkezinde kurulan \u00c7ar\u015famba Pazar\u0131\u2019n\u0131 gezerek vatanda\u015flar ve esnafla ile bir araya geldi. Pazar tezgahlar\u0131n\u0131 tek tek gezen Kaymakam \u0130lhan, hem al\u0131\u015fveri\u015f yapan vatanda\u015flarla hem de esnaflarla sohbet ederek istek, dilek ve \u015fikayetlerini dinledi. Esnaf\u0131n durumu ve pazar yerindeki genel i\u015fleyi\u015f hakk\u0131nda bilgiler alan \u0130lhan, vatanda\u015flara hay\u0131rl\u0131 al\u0131\u015fveri\u015fler diledi. Kaymakam \u0130lhan,&#8230;<\/p>\n","protected":false},"author":1,"featured_media":67389,"comment_status":"open","ping_status":"open","sticky":false,"template":"","format":"standard","meta":{"_crdt_document":"","footnotes":""},"categories":[1],"tags":[],"class_list":["post-67388","post","type-post","status-publish","format-standard","has-post-thumbnail","hentry","category-guncel"],"_links":{"self":[{"href":"https:\/\/www.egemtv.com\/index.php?rest_route=\/wp\/v2\/posts\/67388","targetHints":{"allow":["GET"]}}],"collection":[{"href":"https:\/\/www.egemtv.com\/index.php?rest_route=\/wp\/v2\/posts"}],"about":[{"href":"https:\/\/www.egemtv.com\/index.php?rest_route=\/wp\/v2\/types\/post"}],"author":[{"embeddable":true,"href":"https:\/\/www.egemtv.com\/index.php?rest_route=\/wp\/v2\/users\/1"}],"replies":[{"embeddable":true,"href":"https:\/\/www.egemtv.com\/index.php?rest_route=%2Fwp%2Fv2%2Fcomments&post=67388"}],"version-history":[{"count":1,"href":"https:\/\/www.egemtv.com\/index.php?rest_route=\/wp\/v2\/posts\/67388\/revisions"}],"predecessor-version":[{"id":67390,"href":"https:\/\/www.egemtv.com\/index.php?rest_route=\/wp\/v2\/posts\/67388\/revisions\/67390"}],"wp:featuredmedia":[{"embeddable":true,"href":"https:\/\/www.egemtv.com\/index.php?rest_route=\/wp\/v2\/media\/67389"}],"wp:attachment":[{"href":"https:\/\/www.egemtv.com\/index.php?rest_route=%2Fwp%2Fv2%2Fmedia&parent=67388"}],"wp:term":[{"taxonomy":"category","embeddable":true,"href":"https:\/\/www.egemtv.com\/index.php?rest_route=%2Fwp%2Fv2%2Fcategories&post=67388"},{"taxonomy":"post_tag","embeddable":true,"href":"https:\/\/www.egemtv.com\/index.php?rest_route=%2Fwp%2Fv2%2Ftags&post=67388"}],"curies":[{"name":"wp","href":"https:\/\/api.w.org\/{rel}","templated":true}]}}