{"id":67385,"date":"2025-11-12T13:55:00","date_gmt":"2025-11-12T10:55:00","guid":{"rendered":"https:\/\/www.egemtv.com\/?p=67385"},"modified":"2025-11-12T13:55:00","modified_gmt":"2025-11-12T10:55:00","slug":"izmirli-is-insanlarindan-kazablanka-cikarmasi","status":"publish","type":"post","link":"https:\/\/www.egemtv.com\/?p=67385","title":{"rendered":"\u0130zmirli i\u015f insanlar\u0131ndan Kazablanka \u00e7\u0131karmas\u0131"},"content":{"rendered":"<p>\u0130zmir\u2019de bask\u0131, k\u00e2\u011f\u0131t ve ambalaj sekt\u00f6rlerinde faaliyet g\u00f6steren 16 firmadan 24 temsilci, ticari ili\u015fkileri g\u00fc\u00e7lendirmek ve yeni i\u015f f\u0131rsatlar\u0131 olu\u015fturmak amac\u0131yla Fas\u2019\u0131n ticari ba\u015fkenti Kazablanka\u2019ya bir ziyaret ger\u00e7ekle\u015ftirdi.<br \/>\n<br \/>\u0130zmirli heyetin, bask\u0131, k\u00e2\u011f\u0131t ve ambalaj sekt\u00f6rlerinde Kazablanka\u2019ya giden ilk T\u00fcrk ticaret heyeti oldu\u011funa dikkat \u00e7eken \u0130zmir Ticaret Odas\u0131 Y\u00f6netim Kurulu Ba\u015fkan\u0131 Mahmut \u00d6zgener, Fas pazar\u0131n\u0131n T\u00fcrk firmalar\u0131 a\u00e7\u0131s\u0131ndan y\u00fcksek potansiyel ta\u015f\u0131yan stratejik bir b\u00f6lge oldu\u011funu vurgulad\u0131. \u00d6zgener, &#8220;Fas, co\u011frafi konumu, lojistik avantajlar\u0131 ve Afrika pazar\u0131na a\u00e7\u0131lan kap\u0131 niteli\u011fiyle \u0130zmirli firmalar\u0131m\u0131z i\u00e7in yeni ihracat ve yat\u0131r\u0131m imk\u00e2nlar\u0131 sunuyor. Bu ziyaretin, iki \u00fclke aras\u0131ndaki ticari ba\u011flar\u0131n g\u00fc\u00e7lenmesine ve kal\u0131c\u0131 i\u015f birliklerinin geli\u015fmesine katk\u0131 sa\u011flayaca\u011f\u0131na inan\u0131yoruz.&#8221; dedi.<\/p>\n<p>Bakanl\u0131k destekli UR-GE Projesi<br \/>\n<br \/>\u0130zmir Ticaret Odas\u0131 heyeti, T.C. Ticaret Bakanl\u0131\u011f\u0131 deste\u011fi ile \u0130zmir Ticaret Odas\u0131 koordinasyonunda y\u00fcr\u00fct\u00fclen &#8220;Bask\u0131, Ka\u011f\u0131t ve Ambalaj UR-GE Projesi&#8221; kapsam\u0131nda Kazablanka\u2019ya gitti. Proje kat\u0131l\u0131mc\u0131s\u0131 \u00fcyelerden olu\u015fan heyet, Kazablanka Ticaret M\u00fc\u015faviri Burcu \u00d6zerg\u00fcl \u00c7olak, Kazablanka Settat Ticaret, Sanayi ve Hizmet Odas\u0131 Ba\u015fkan Yard\u0131mc\u0131s\u0131 Yusef Zahidi, Derb Omar \u0130\u015fadamlar\u0131 ve Profesyoneller Birli\u011fi Derne\u011fi Ba\u015fkan\u0131 Aziz Bowano ile g\u00f6r\u00fc\u015fmeler ger\u00e7ekle\u015ftirdi.<\/p>\n<p>\u00d6zgener: &#8220;Bask\u0131, ka\u011f\u0131t ve ambalaj sekt\u00f6r\u00fcnde Kazablanka\u2019ya ziyaret ger\u00e7ekle\u015ftiren ilk heyet&#8221;<br \/>\n<br \/>Temaslar\u0131n \u0130zmir ile Kazablanka aras\u0131nda orta ve uzun vadeli i\u015f birlikleri i\u00e7in somut bir zemin olu\u015fturdu\u011funu ifade eden \u0130zmir Ticaret Odas\u0131 Y\u00f6netim Kurulu Ba\u015fkan\u0131 Mahmut \u00d6zgener, &#8220;Heyetimiz, bask\u0131, k\u00e2\u011f\u0131t ve ambalaj sekt\u00f6r\u00fcnde Kazablanka\u2019ya ziyaret ger\u00e7ekle\u015ftiren ilk T\u00fcrk ticaret heyeti olma \u00f6zelli\u011fini ta\u015f\u0131yor. Fas ile aram\u0131zdaki k\u00fclt\u00fcrel yak\u0131nl\u0131k, benzer t\u00fcketici al\u0131\u015fkanl\u0131klar\u0131, lojistik avantajlar ve T\u00fcrk markalar\u0131na duyulan g\u00fcven, i\u015f birli\u011fimizin geli\u015fmesi a\u00e7\u0131s\u0131ndan sa\u011flam bir temel olu\u015fturuyor. Heyetimizin ger\u00e7ekle\u015ftirdi\u011fi g\u00f6r\u00fc\u015fmeler, Fas pazar\u0131nda ambalaj, bask\u0131 ve k\u00e2\u011f\u0131t \u00fcr\u00fcnlerine y\u00f6nelik talebin, T\u00fcrk firmalar\u0131na \u00fcretim, tedarik, ortak yat\u0131r\u0131m ve da\u011f\u0131t\u0131m alanlar\u0131nda de\u011ferli f\u0131rsatlar sundu\u011funu g\u00f6sterdi.<br \/>\n<br \/>2025 y\u0131l\u0131 sonunda oynanacak Afrika Uluslar Kupas\u0131 ve 2030 y\u0131l\u0131nda d\u00fczenlenecek FIFA D\u00fcnya Kupas\u0131 haz\u0131rl\u0131klar\u0131 kapsam\u0131nda h\u0131zla yenilenen ve b\u00fcy\u00fcyen Fas pazar\u0131n\u0131n, T\u00fcrk firmalar\u0131 i\u00e7in mevcut f\u0131rsatlar\u0131n de\u011ferlendirmesinde stratejik bir zaman dilimi sundu\u011funu vurgulamak isterim. T\u00fcketim talebinin artmas\u0131; pek \u00e7ok farkl\u0131 sekt\u00f6rde faaliyet g\u00f6steren T\u00fcrk firmalar\u0131 i\u00e7in \u00f6nemli avantajlar sa\u011fl\u0131yor.<br \/>\n<br \/>\u0130zmir Ticaret Odas\u0131 olarak kentimizin ticaret potansiyelini g\u00fc\u00e7lendirmek, \u00fcyelerimizin yeni pazarlara a\u00e7\u0131l\u0131m\u0131n\u0131 desteklemek ve \u0130zmirli markalar\u0131n uluslararas\u0131 rekabet g\u00fcc\u00fcn\u00fc art\u0131rmak amac\u0131yla \u00e7al\u0131\u015fmalar\u0131m\u0131z\u0131 kararl\u0131l\u0131kla s\u00fcrd\u00fcrece\u011fiz.&#8221; dedi.<\/p>\n<p>Yeni\u015fehir ile Derb Omar benzerli\u011fi<br \/>\n<br \/>Ziyaretler kapsam\u0131nda, Fas\u2019ta i\u015f yap\u0131\u015f k\u00fclt\u00fcr\u00fc, pazara giri\u015fte dikkat edilmesi gereken hususlar, \u00fclkenin ekonomik ve ticari konjonkt\u00fcr\u00fc ile g\u00fcmr\u00fck ve \u00f6deme s\u00fcre\u00e7leri hakk\u0131nda kapsaml\u0131 bilgilendirmeler yap\u0131ld\u0131. T\u00fcrkiye ve Fas\u2019\u0131n k\u00fclt\u00fcrel ve co\u011frafi yak\u0131nl\u0131\u011f\u0131n\u0131n, iki \u00fclke aras\u0131ndaki ticari ili\u015fkilerin geli\u015fmesine zemin haz\u0131rlad\u0131\u011f\u0131 vurguland\u0131. Fas\u2019\u0131n siyasi ve ekonomik a\u00e7\u0131dan istikrarl\u0131 yap\u0131s\u0131, geli\u015fmi\u015f lojistik a\u011flar\u0131 ve stratejik konumu sayesinde Afrika k\u0131tas\u0131nda i\u015f yapmak i\u00e7in en elveri\u015fli \u00fclkelerden biri oldu\u011fu ifade edildi.<br \/>\n<br \/>Toplant\u0131larda, \u0130zmir\u2019deki Yeni\u015fehir Ticaret Merkezine benzer yap\u0131s\u0131yla \u00f6ne \u00e7\u0131kan Derb Omar b\u00f6lgesinin, Kazablanka\u2019n\u0131n en \u00f6nemli ticaret merkezlerinden biri oldu\u011funa dikkat \u00e7ekildi. B\u00f6lgedeki i\u015fletme yap\u0131s\u0131n\u0131n, \u0130zmir\u2019deki toptan sat\u0131\u015f merkezlerine benzer bi\u00e7imde organize olmas\u0131, T\u00fcrk firmalar\u0131n\u0131n \u00fcr\u00fcnlerini pazara sunarken h\u0131z, esneklik ve do\u011frudan m\u00fc\u015fteri temas\u0131nda avantaj sa\u011flamas\u0131na imk\u00e2n tan\u0131yor. Yeni\u015fehir\u2019de oldu\u011fu gibi, k\u00fc\u00e7\u00fck \u00fcreticiler, tedarik\u00e7iler ve toptanc\u0131lar\u0131n bir arada faaliyet g\u00f6sterdi\u011fi canl\u0131 ticaret ekosistemi, Fas pazar\u0131na y\u00f6nelik bask\u0131, ambalaj ve k\u00e2\u011f\u0131t \u00e7\u00f6z\u00fcmleri sunmak isteyen \u0130zmirli firmalar i\u00e7in g\u00fc\u00e7l\u00fc bir giri\u015f kap\u0131s\u0131 olarak de\u011ferlendirildi.<\/p>\n<p>Kat\u0131l\u0131mc\u0131lar memnun<br \/>\n<br \/>Program kapsam\u0131nda g\u00f6r\u00fc\u015fmelere kat\u0131lan firmalar, organizasyonun olduk\u00e7a ba\u015far\u0131l\u0131 ge\u00e7ti\u011fini ve son derece verimli temaslar ger\u00e7ekle\u015ftirdiklerini ifade etti. G\u00f6r\u00fc\u015fmelerde, Fas pazar\u0131n\u0131n h\u00e2l\u00e2 b\u00fcy\u00fck \u00f6l\u00e7\u00fcde bakir bir potansiyele sahip oldu\u011fu, T\u00fcrk firmalar\u0131 i\u00e7in ciddi f\u0131rsatlar bar\u0131nd\u0131rd\u0131\u011f\u0131 de\u011ferlendirildi. Firmalar, \u00c7inli rakiplerle k\u0131yasland\u0131\u011f\u0131nda T\u00fcrkiye\u2019nin co\u011frafi yak\u0131nl\u0131\u011f\u0131n\u0131n ve lojistik maliyet avantaj\u0131n\u0131n rekabet g\u00fcc\u00fcn\u00fc art\u0131rd\u0131\u011f\u0131na dikkat \u00e7ekti. Ayr\u0131ca, Fasl\u0131 firmalar\u0131n teknik bilgi birikimi (know-how) a\u00e7\u0131s\u0131ndan geli\u015fime a\u00e7\u0131k oldu\u011fu, bu durumun T\u00fcrk \u00fcreticiler i\u00e7in teknoloji, tasar\u0131m ve kalite odakl\u0131 i\u015f birlikleri kurmak ad\u0131na \u00f6nemli bir f\u0131rsat sundu\u011fu vurguland\u0131.<br \/>\n<br \/>Kat\u0131l\u0131mc\u0131lar, Kazablanka\u2019da olas\u0131 yat\u0131r\u0131mlar\u0131n hayata ge\u00e7irilmesi durumunda \u0130zmir ile Fas aras\u0131nda kar\u015f\u0131l\u0131kl\u0131 ticaret hacminin h\u0131zla artabilece\u011fini, iki kent aras\u0131nda bask\u0131, k\u00e2\u011f\u0131t ve ambalaj sekt\u00f6rlerinde kal\u0131c\u0131 tedarik zincirleri ve ortak \u00fcretim modelleri olu\u015fturulabilece\u011fini belirtti. Bu kapsamda, Fas pazar\u0131n\u0131n sadece ihracat de\u011fil, ayn\u0131 zamanda yat\u0131r\u0131m, ortak \u00fcretim ve b\u00f6lgesel da\u011f\u0131t\u0131m merkezi kurma a\u00e7\u0131s\u0131ndan da cazip f\u0131rsatlar sundu\u011fu ifade edildi.<\/p>\n<p>300\u2019\u00fcn \u00fczerinde ikili i\u015f g\u00f6r\u00fc\u015fmesi<br \/>\n<br \/>Organizasyonun ikinci g\u00fcn\u00fcnde, \u0130zmirli firmalar Fasl\u0131 i\u015f insanlar\u0131yla birebir g\u00f6r\u00fc\u015fmeler ger\u00e7ekle\u015ftirdi. Toplam 111 yabanc\u0131 al\u0131c\u0131n\u0131n kat\u0131l\u0131m\u0131yla d\u00fczenlenen ikili i\u015f g\u00f6r\u00fc\u015fmeleri (B2B) program\u0131 kapsam\u0131nda, 300\u2019\u00fcn \u00fczerinde ticari temas sa\u011fland\u0131. G\u00f6r\u00fc\u015fmeler s\u0131ras\u0131nda \u0130zmirli kat\u0131l\u0131mc\u0131lar, yanlar\u0131nda getirdikleri \u00fcr\u00fcn numuneleri ve tan\u0131t\u0131m kataloglar\u0131 arac\u0131l\u0131\u011f\u0131yla geni\u015f \u00fcr\u00fcn portf\u00f6ylerini Fasl\u0131 firmalara sunma imk\u00e2n\u0131 buldu. Bu sayede, hem \u0130zmir markalar\u0131n\u0131n kalitesi ve \u00fcretim g\u00fcc\u00fc do\u011frudan tan\u0131t\u0131ld\u0131, hem de potansiyel i\u015f ortakl\u0131klar\u0131 i\u00e7in somut ad\u0131mlar at\u0131ld\u0131.<br \/>\n<br \/>Kat\u0131l\u0131mc\u0131 firmalar, Fasl\u0131 al\u0131c\u0131lar\u0131n T\u00fcrk \u00fcr\u00fcnlerine duydu\u011fu ilgiden memnuniyet duyduklar\u0131n\u0131 belirterek, g\u00f6r\u00fc\u015fmelerin \u00f6n\u00fcm\u00fczdeki d\u00f6nemde yeni ihracat anla\u015fmalar\u0131na ve uzun vadeli i\u015f birliklerine d\u00f6n\u00fc\u015febilece\u011fini ifade etti.<br \/><\/p>\n","protected":false},"excerpt":{"rendered":"<p>\u0130zmir\u2019de bask\u0131, k\u00e2\u011f\u0131t ve ambalaj sekt\u00f6rlerinde faaliyet g\u00f6steren 16 firmadan 24 temsilci, ticari ili\u015fkileri g\u00fc\u00e7lendirmek ve yeni i\u015f f\u0131rsatlar\u0131 olu\u015fturmak amac\u0131yla Fas\u2019\u0131n ticari ba\u015fkenti Kazablanka\u2019ya bir ziyaret ger\u00e7ekle\u015ftirdi. \u0130zmirli heyetin, bask\u0131, k\u00e2\u011f\u0131t ve ambalaj sekt\u00f6rlerinde Kazablanka\u2019ya giden ilk T\u00fcrk ticaret heyeti oldu\u011funa dikkat \u00e7eken \u0130zmir Ticaret Odas\u0131 Y\u00f6netim Kurulu Ba\u015fkan\u0131 Mahmut \u00d6zgener, Fas pazar\u0131n\u0131n T\u00fcrk&#8230;<\/p>\n","protected":false},"author":1,"featured_media":67386,"comment_status":"open","ping_status":"open","sticky":false,"template":"","format":"standard","meta":{"_crdt_document":"","footnotes":""},"categories":[125],"tags":[],"class_list":["post-67385","post","type-post","status-publish","format-standard","has-post-thumbnail","hentry","category-ekonomi"],"_links":{"self":[{"href":"https:\/\/www.egemtv.com\/index.php?rest_route=\/wp\/v2\/posts\/67385","targetHints":{"allow":["GET"]}}],"collection":[{"href":"https:\/\/www.egemtv.com\/index.php?rest_route=\/wp\/v2\/posts"}],"about":[{"href":"https:\/\/www.egemtv.com\/index.php?rest_route=\/wp\/v2\/types\/post"}],"author":[{"embeddable":true,"href":"https:\/\/www.egemtv.com\/index.php?rest_route=\/wp\/v2\/users\/1"}],"replies":[{"embeddable":true,"href":"https:\/\/www.egemtv.com\/index.php?rest_route=%2Fwp%2Fv2%2Fcomments&post=67385"}],"version-history":[{"count":1,"href":"https:\/\/www.egemtv.com\/index.php?rest_route=\/wp\/v2\/posts\/67385\/revisions"}],"predecessor-version":[{"id":67387,"href":"https:\/\/www.egemtv.com\/index.php?rest_route=\/wp\/v2\/posts\/67385\/revisions\/67387"}],"wp:featuredmedia":[{"embeddable":true,"href":"https:\/\/www.egemtv.com\/index.php?rest_route=\/wp\/v2\/media\/67386"}],"wp:attachment":[{"href":"https:\/\/www.egemtv.com\/index.php?rest_route=%2Fwp%2Fv2%2Fmedia&parent=67385"}],"wp:term":[{"taxonomy":"category","embeddable":true,"href":"https:\/\/www.egemtv.com\/index.php?rest_route=%2Fwp%2Fv2%2Fcategories&post=67385"},{"taxonomy":"post_tag","embeddable":true,"href":"https:\/\/www.egemtv.com\/index.php?rest_route=%2Fwp%2Fv2%2Ftags&post=67385"}],"curies":[{"name":"wp","href":"https:\/\/api.w.org\/{rel}","templated":true}]}}