{"id":67382,"date":"2025-11-12T13:54:59","date_gmt":"2025-11-12T10:54:59","guid":{"rendered":"https:\/\/www.egemtv.com\/?p=67382"},"modified":"2025-11-12T13:55:00","modified_gmt":"2025-11-12T10:55:00","slug":"denizlili-sporcu-vucut-gelistirmede-ifbb-pro-card-sahibi-oldu","status":"publish","type":"post","link":"https:\/\/www.egemtv.com\/?p=67382","title":{"rendered":"Denizlili sporcu, v\u00fccut geli\u015ftirmede IFBB Pro Card sahibi oldu"},"content":{"rendered":"<p>Denizlili kad\u0131n sporcu Buse Ercan, Tunus\u2019ta d\u00fczenlenen Tunisian Pro Qualifier yar\u0131\u015fmas\u0131nda b\u00fcy\u00fck bir ba\u015far\u0131ya imza atarak IFBB Pro Card sahibi oldu.<\/p>\n<p>Denizli\u2019de ya\u015fayan 26 ya\u015f\u0131ndaki sporcu Buse Ercan, v\u00fccut geli\u015ftirme \u015fampiyonluklar\u0131nda dereceler elde etmeye devam ediyor. Ba\u015far\u0131l\u0131 sporcu Buse Ercan, Tunus\u2019ta d\u00fczenlenen Tunisian Pro Qualifier yar\u0131\u015fmas\u0131nda b\u00fcy\u00fck bir ba\u015far\u0131ya imza atarak IFBB Pro Card sahibi oldu. Elde etti\u011fi bu dereceyle yaln\u0131zca kariyerinde yeni bir sayfa a\u00e7makla kalmayan kad\u0131n sporcu, ayn\u0131 zamanda bir\u00e7ok kad\u0131na da spora ba\u015flama konusunda ilham veriyor.<\/p>\n<p>Ba\u015far\u0131n\u0131n ard\u0131ndan konu\u015fan Ercan, disiplinli \u00e7al\u0131\u015fman\u0131n kar\u015f\u0131l\u0131\u011f\u0131n\u0131 alman\u0131n mutlulu\u011funu ya\u015fad\u0131\u011f\u0131n\u0131 belirterek hedefinin profesyonel arenada T\u00fcrkiye\u2019yi en iyi \u015fekilde temsil etmek oldu\u011funu s\u00f6yledi.<br \/><\/p>\n","protected":false},"excerpt":{"rendered":"<p>Denizlili kad\u0131n sporcu Buse Ercan, Tunus\u2019ta d\u00fczenlenen Tunisian Pro Qualifier yar\u0131\u015fmas\u0131nda b\u00fcy\u00fck bir ba\u015far\u0131ya imza atarak IFBB Pro Card sahibi oldu. Denizli\u2019de ya\u015fayan 26 ya\u015f\u0131ndaki sporcu Buse Ercan, v\u00fccut geli\u015ftirme \u015fampiyonluklar\u0131nda dereceler elde etmeye devam ediyor. Ba\u015far\u0131l\u0131 sporcu Buse Ercan, Tunus\u2019ta d\u00fczenlenen Tunisian Pro Qualifier yar\u0131\u015fmas\u0131nda b\u00fcy\u00fck bir ba\u015far\u0131ya imza atarak IFBB Pro Card sahibi&#8230;<\/p>\n","protected":false},"author":1,"featured_media":67383,"comment_status":"open","ping_status":"open","sticky":false,"template":"","format":"standard","meta":{"_crdt_document":"","footnotes":""},"categories":[4],"tags":[],"class_list":["post-67382","post","type-post","status-publish","format-standard","has-post-thumbnail","hentry","category-spor"],"_links":{"self":[{"href":"https:\/\/www.egemtv.com\/index.php?rest_route=\/wp\/v2\/posts\/67382","targetHints":{"allow":["GET"]}}],"collection":[{"href":"https:\/\/www.egemtv.com\/index.php?rest_route=\/wp\/v2\/posts"}],"about":[{"href":"https:\/\/www.egemtv.com\/index.php?rest_route=\/wp\/v2\/types\/post"}],"author":[{"embeddable":true,"href":"https:\/\/www.egemtv.com\/index.php?rest_route=\/wp\/v2\/users\/1"}],"replies":[{"embeddable":true,"href":"https:\/\/www.egemtv.com\/index.php?rest_route=%2Fwp%2Fv2%2Fcomments&post=67382"}],"version-history":[{"count":1,"href":"https:\/\/www.egemtv.com\/index.php?rest_route=\/wp\/v2\/posts\/67382\/revisions"}],"predecessor-version":[{"id":67384,"href":"https:\/\/www.egemtv.com\/index.php?rest_route=\/wp\/v2\/posts\/67382\/revisions\/67384"}],"wp:featuredmedia":[{"embeddable":true,"href":"https:\/\/www.egemtv.com\/index.php?rest_route=\/wp\/v2\/media\/67383"}],"wp:attachment":[{"href":"https:\/\/www.egemtv.com\/index.php?rest_route=%2Fwp%2Fv2%2Fmedia&parent=67382"}],"wp:term":[{"taxonomy":"category","embeddable":true,"href":"https:\/\/www.egemtv.com\/index.php?rest_route=%2Fwp%2Fv2%2Fcategories&post=67382"},{"taxonomy":"post_tag","embeddable":true,"href":"https:\/\/www.egemtv.com\/index.php?rest_route=%2Fwp%2Fv2%2Ftags&post=67382"}],"curies":[{"name":"wp","href":"https:\/\/api.w.org\/{rel}","templated":true}]}}