{"id":67379,"date":"2025-11-12T13:54:58","date_gmt":"2025-11-12T10:54:58","guid":{"rendered":"https:\/\/www.egemtv.com\/?p=67379"},"modified":"2025-11-12T13:54:59","modified_gmt":"2025-11-12T10:54:59","slug":"tavsanlida-yoresel-lezzetler-standi-ilgi-goruyor","status":"publish","type":"post","link":"https:\/\/www.egemtv.com\/?p=67379","title":{"rendered":"Tav\u015fanl\u0131\u2019da y\u00f6resel lezzetler stand\u0131 ilgi g\u00f6r\u00fcyor"},"content":{"rendered":"<p>K\u00fctahya\u2019n\u0131n Tav\u015fanl\u0131 il\u00e7esinde, y\u00f6resel lezzetlerin sergilendi\u011fi ve sat\u0131\u015fa sunuldu\u011fu stant a\u00e7\u0131ld\u0131. B\u00f6lge halk\u0131n\u0131n yo\u011fun ilgi g\u00f6sterdi\u011fi stant, 23 Kas\u0131m 2025 tarihine kadar ziyaret\u00e7ilerini a\u011f\u0131rlayacak.<br \/>\n<br \/>Kurulan y\u00f6resel lezzetler stand\u0131nda, T\u00fcrkiye\u2019nin farkl\u0131 b\u00f6lgelerine ait damak \u00e7atlatan tatlar Tav\u015fanl\u0131 halk\u0131n\u0131n be\u011fenisine sunuluyor. Geleneksel mutfa\u011f\u0131n en g\u00fczel \u00f6rnekleri aras\u0131nda yer alan \u00e7e\u015fitli tatl\u0131lar, tuzlular ve ev yap\u0131m\u0131 ikraml\u0131klar, ziyaret\u00e7ilere hem nostaljik hem de lezzet dolu bir al\u0131\u015fveri\u015f deneyimi ya\u015fat\u0131yor.<br \/>\n<br \/>Yap\u0131lan incelemelere g\u00f6re, stantta sunulan \u00fcr\u00fcnlerin b\u00fcy\u00fck \u00e7o\u011funlu\u011funu Ege ve Marmara b\u00f6lgelerinin otantik tatlar\u0131 olu\u015fturuyor. \u00d6zellikle bu iki b\u00f6lgeye \u00f6zg\u00fc hamur i\u015fleri ve tatl\u0131 \u00e7e\u015fitleri, vatanda\u015flardan yo\u011fun ilgi g\u00f6r\u00fcyor.<br \/>\n<br \/>Y\u00f6resel \u00fcr\u00fcnlerin sat\u0131\u015fa sunuldu\u011fu stant, hem b\u00f6lge esnaf\u0131na destek olmay\u0131 hem de Tav\u015fanl\u0131 halk\u0131n\u0131 farkl\u0131 y\u00f6relerin zengin mutfak k\u00fclt\u00fcr\u00fcyle bulu\u015fturmay\u0131 ama\u00e7l\u0131yor.<br \/><\/p>\n","protected":false},"excerpt":{"rendered":"<p>K\u00fctahya\u2019n\u0131n Tav\u015fanl\u0131 il\u00e7esinde, y\u00f6resel lezzetlerin sergilendi\u011fi ve sat\u0131\u015fa sunuldu\u011fu stant a\u00e7\u0131ld\u0131. B\u00f6lge halk\u0131n\u0131n yo\u011fun ilgi g\u00f6sterdi\u011fi stant, 23 Kas\u0131m 2025 tarihine kadar ziyaret\u00e7ilerini a\u011f\u0131rlayacak. Kurulan y\u00f6resel lezzetler stand\u0131nda, T\u00fcrkiye\u2019nin farkl\u0131 b\u00f6lgelerine ait damak \u00e7atlatan tatlar Tav\u015fanl\u0131 halk\u0131n\u0131n be\u011fenisine sunuluyor. Geleneksel mutfa\u011f\u0131n en g\u00fczel \u00f6rnekleri aras\u0131nda yer alan \u00e7e\u015fitli tatl\u0131lar, tuzlular ve ev yap\u0131m\u0131 ikraml\u0131klar, ziyaret\u00e7ilere&#8230;<\/p>\n","protected":false},"author":1,"featured_media":67380,"comment_status":"open","ping_status":"open","sticky":false,"template":"","format":"standard","meta":{"_crdt_document":"","footnotes":""},"categories":[1],"tags":[],"class_list":["post-67379","post","type-post","status-publish","format-standard","has-post-thumbnail","hentry","category-guncel"],"_links":{"self":[{"href":"https:\/\/www.egemtv.com\/index.php?rest_route=\/wp\/v2\/posts\/67379","targetHints":{"allow":["GET"]}}],"collection":[{"href":"https:\/\/www.egemtv.com\/index.php?rest_route=\/wp\/v2\/posts"}],"about":[{"href":"https:\/\/www.egemtv.com\/index.php?rest_route=\/wp\/v2\/types\/post"}],"author":[{"embeddable":true,"href":"https:\/\/www.egemtv.com\/index.php?rest_route=\/wp\/v2\/users\/1"}],"replies":[{"embeddable":true,"href":"https:\/\/www.egemtv.com\/index.php?rest_route=%2Fwp%2Fv2%2Fcomments&post=67379"}],"version-history":[{"count":1,"href":"https:\/\/www.egemtv.com\/index.php?rest_route=\/wp\/v2\/posts\/67379\/revisions"}],"predecessor-version":[{"id":67381,"href":"https:\/\/www.egemtv.com\/index.php?rest_route=\/wp\/v2\/posts\/67379\/revisions\/67381"}],"wp:featuredmedia":[{"embeddable":true,"href":"https:\/\/www.egemtv.com\/index.php?rest_route=\/wp\/v2\/media\/67380"}],"wp:attachment":[{"href":"https:\/\/www.egemtv.com\/index.php?rest_route=%2Fwp%2Fv2%2Fmedia&parent=67379"}],"wp:term":[{"taxonomy":"category","embeddable":true,"href":"https:\/\/www.egemtv.com\/index.php?rest_route=%2Fwp%2Fv2%2Fcategories&post=67379"},{"taxonomy":"post_tag","embeddable":true,"href":"https:\/\/www.egemtv.com\/index.php?rest_route=%2Fwp%2Fv2%2Ftags&post=67379"}],"curies":[{"name":"wp","href":"https:\/\/api.w.org\/{rel}","templated":true}]}}