{"id":67370,"date":"2025-11-12T13:54:56","date_gmt":"2025-11-12T10:54:56","guid":{"rendered":"https:\/\/www.egemtv.com\/?p=67370"},"modified":"2025-11-12T13:54:56","modified_gmt":"2025-11-12T10:54:56","slug":"dto-kirgiz-cumhuriyeti-temsilcileriyle-ticari-koprunun-temellerini-atti","status":"publish","type":"post","link":"https:\/\/www.egemtv.com\/?p=67370","title":{"rendered":"DTO, K\u0131rg\u0131z Cumhuriyeti temsilcileriyle ticari k\u00f6pr\u00fcn\u00fcn temellerini att\u0131"},"content":{"rendered":"<p>Denizli Ticaret Odas\u0131 (DTO) Ba\u015fkan\u0131 U\u011fur Erdo\u011fan, K\u0131rg\u0131z Cumhuriyeti Ankara B\u00fcy\u00fckel\u00e7isi Ruslan Kazakbaev ve beraberindeki heyeti misafir etti. DTO \u00fcyesi sekt\u00f6r temsilcileri ile resmi heyetteki \u00f6nemli isimleri bir araya getiren Ba\u015fkan Erdo\u011fan ile b\u00fcy\u00fckel\u00e7i konu\u011fu, ortak ekonomik projeler geli\u015ftirilmesi, yeni yat\u0131r\u0131mlar\u0131n planlanmas\u0131 ve ticari i\u015f birliklerinin art\u0131r\u0131lmas\u0131 ile ilgili g\u00f6r\u00fc\u015fmelerde bulundu.<\/p>\n<p>K\u0131rg\u0131z Cumhuriyeti Ankara B\u00fcy\u00fckel\u00e7isi Ruslan Kazakbaev, Antalya Ba\u015fkonsolosu Rustam Koshonov ile B\u00fcy\u00fckel\u00e7ilik Ekonomi M\u00fcste\u015far\u0131 Akylbek Rakmanberd\u0131, DTO Ba\u015fkan\u0131 U\u011fur Erdo\u011fan\u2019\u0131 ziyaret etti. Ba\u015fkan Erdo\u011fan konuklar\u0131n\u0131, Denizli ekonomisinin genel durumu, sanayi ve ticari potansiyeli ile ilgili bilgiler verdi\u011fi geni\u015f kat\u0131l\u0131ml\u0131 bir toplant\u0131da \u00fcyeleri ile  bulu\u015fturdu.<\/p>\n<p>Ba\u015fkan Erdo\u011fan, &#8220;Karde\u015f \u00fclkelerimizin ticaretini el birli\u011fi ile g\u00fc\u00e7lendirelim&#8221;<br \/>\n<br \/>Toplant\u0131n\u0131n a\u00e7\u0131\u015f konu\u015fmas\u0131nda daha \u00f6nce K\u0131rg\u0131z Cumhuriyeti Antalya Ba\u015fkonsolosu Rustam Koshonov ile g\u00f6r\u00fc\u015fmeler yapt\u0131klar\u0131n\u0131 hat\u0131rlatarak, &#8220;K\u0131rg\u0131zistan ile T\u00fcrkiye ekonomilerini g\u00fc\u00e7lendirecek, insanlar\u0131m\u0131z\u0131n gelece\u011fini ve refah\u0131n\u0131 art\u0131racak i\u015f birli\u011fimizi b\u00fcy\u00fctebilece\u011fimiz sekt\u00f6rlerimiz var. Denizli Ticaret Odas\u0131 olarak en k\u0131sa zamanda en az 7 sekt\u00f6r belirleyip i\u015f insanlar\u0131m\u0131zla baz\u0131 g\u00f6r\u00fc\u015fmelerde bulunaca\u011f\u0131z. Ba\u015fkonsolosluk yetkililerimiz ile de karde\u015f \u00fclke K\u0131rg\u0131z Cumhuriyeti\u2019nde gibi yat\u0131r\u0131mlar yap\u0131labilece\u011fini ele alabiliriz. Sonras\u0131nda da Denizli Ticaret Odas\u0131 olarak heyet halinde ilgilenen firmalar\u0131m\u0131z\u0131, imkanlar\u0131 yerinde g\u00f6rmek \u00fczere size getirebiliriz. K\u0131rg\u0131z i\u015f insanlar\u0131n\u0131n da ilk f\u0131rsatta bizdeki imkanlar\u0131 yerinde g\u00f6r\u00fcp incelemelerini umuyoruz&#8221; dedi.<\/p>\n<p>Denizlili yat\u0131r\u0131mc\u0131lar\u0131, \u00fclkesine davet etti<br \/>\n<br \/>B\u00fcy\u00fckel\u00e7i Kazakbaev ise Denizli Ticaret Odas\u0131 Ba\u015fkan\u0131 U\u011fur Erdo\u011fan\u2019\u0131n kendilerini b\u00fcy\u00fck bir ilgi ve samimiyetle a\u011f\u0131rlad\u0131\u011f\u0131n\u0131 s\u00f6yledi. Kazakbaev, &#8220;\u00dclkemiz ile T\u00fcrkiye aras\u0131ndaki ekonomik i\u015f birli\u011fi, \u00e7ok h\u0131zl\u0131 bir \u015fekilde geli\u015fiyor Ge\u00e7en sene ticari hacmimiz 1,4 milyar dolard\u0131; bu sene in\u015fallah 1,5 milyar dolara \u00e7\u0131karaca\u011f\u0131z. Cumhurba\u015fkanlar\u0131m\u0131z da gelecek senelerde \u00fclkelerimizin ticari ba\u011f\u0131n\u0131 5 milyar dolara kadar \u00e7\u0131karmay\u0131 hedeflediklerini a\u00e7\u0131klad\u0131lar; biz de bu do\u011frultuda \u00e7al\u0131\u015fmalar y\u00fcr\u00fct\u00fcyoruz. T\u00fcrkiye\u2019de gitti\u011fim her \u015fehirde, ticaret odas\u0131 ba\u015fkanlar\u0131yla g\u00f6r\u00fc\u015fmeler ger\u00e7ekle\u015ftiriyorum. Denizli\u2019de de Ba\u015fkan\u0131m\u0131z Say\u0131n U\u011fur Erdo\u011fan ile ekibine bizleri konuk ettikleri i\u00e7in \u00e7ok te\u015fekk\u00fcr ediyorum. Denizlili karde\u015flerimizi, ata yurdunuz olan \u00fclkemize bekliyoruz; yat\u0131r\u0131m yapmaya davet ediyoruz&#8221; diye konu\u015ftu.<\/p>\n<p>K\u0131rg\u0131z B\u00fcy\u00fckel\u00e7iye, Denizli horozu biblosu hediye etti<br \/>\n<br \/>Ba\u015fkan Erdo\u011fan, ziyaretin sonunda konu\u011fu Kazakbaev\u2019e Denizli\u2019yi simgeleyen horoz biblosu hediye etti. B\u00fcy\u00fckel\u00e7i Kazakbaev ise el yap\u0131m\u0131 K\u0131rg\u0131z s\u00fcs e\u015fyas\u0131 takdim etti.<br \/><\/p>\n","protected":false},"excerpt":{"rendered":"<p>Denizli Ticaret Odas\u0131 (DTO) Ba\u015fkan\u0131 U\u011fur Erdo\u011fan, K\u0131rg\u0131z Cumhuriyeti Ankara B\u00fcy\u00fckel\u00e7isi Ruslan Kazakbaev ve beraberindeki heyeti misafir etti. DTO \u00fcyesi sekt\u00f6r temsilcileri ile resmi heyetteki \u00f6nemli isimleri bir araya getiren Ba\u015fkan Erdo\u011fan ile b\u00fcy\u00fckel\u00e7i konu\u011fu, ortak ekonomik projeler geli\u015ftirilmesi, yeni yat\u0131r\u0131mlar\u0131n planlanmas\u0131 ve ticari i\u015f birliklerinin art\u0131r\u0131lmas\u0131 ile ilgili g\u00f6r\u00fc\u015fmelerde bulundu. K\u0131rg\u0131z Cumhuriyeti Ankara B\u00fcy\u00fckel\u00e7isi&#8230;<\/p>\n","protected":false},"author":1,"featured_media":67371,"comment_status":"open","ping_status":"open","sticky":false,"template":"","format":"standard","meta":{"_crdt_document":"","footnotes":""},"categories":[125],"tags":[],"class_list":["post-67370","post","type-post","status-publish","format-standard","has-post-thumbnail","hentry","category-ekonomi"],"_links":{"self":[{"href":"https:\/\/www.egemtv.com\/index.php?rest_route=\/wp\/v2\/posts\/67370","targetHints":{"allow":["GET"]}}],"collection":[{"href":"https:\/\/www.egemtv.com\/index.php?rest_route=\/wp\/v2\/posts"}],"about":[{"href":"https:\/\/www.egemtv.com\/index.php?rest_route=\/wp\/v2\/types\/post"}],"author":[{"embeddable":true,"href":"https:\/\/www.egemtv.com\/index.php?rest_route=\/wp\/v2\/users\/1"}],"replies":[{"embeddable":true,"href":"https:\/\/www.egemtv.com\/index.php?rest_route=%2Fwp%2Fv2%2Fcomments&post=67370"}],"version-history":[{"count":1,"href":"https:\/\/www.egemtv.com\/index.php?rest_route=\/wp\/v2\/posts\/67370\/revisions"}],"predecessor-version":[{"id":67372,"href":"https:\/\/www.egemtv.com\/index.php?rest_route=\/wp\/v2\/posts\/67370\/revisions\/67372"}],"wp:featuredmedia":[{"embeddable":true,"href":"https:\/\/www.egemtv.com\/index.php?rest_route=\/wp\/v2\/media\/67371"}],"wp:attachment":[{"href":"https:\/\/www.egemtv.com\/index.php?rest_route=%2Fwp%2Fv2%2Fmedia&parent=67370"}],"wp:term":[{"taxonomy":"category","embeddable":true,"href":"https:\/\/www.egemtv.com\/index.php?rest_route=%2Fwp%2Fv2%2Fcategories&post=67370"},{"taxonomy":"post_tag","embeddable":true,"href":"https:\/\/www.egemtv.com\/index.php?rest_route=%2Fwp%2Fv2%2Ftags&post=67370"}],"curies":[{"name":"wp","href":"https:\/\/api.w.org\/{rel}","templated":true}]}}