{"id":67367,"date":"2025-11-12T13:54:55","date_gmt":"2025-11-12T10:54:55","guid":{"rendered":"https:\/\/www.egemtv.com\/?p=67367"},"modified":"2025-11-12T13:54:56","modified_gmt":"2025-11-12T10:54:56","slug":"tavsanlida-otomobil-ile-kamyon-carpisti-1-yarali","status":"publish","type":"post","link":"https:\/\/www.egemtv.com\/?p=67367","title":{"rendered":"Tav\u015fanl\u0131\u2019da otomobil ile kamyon \u00e7arp\u0131\u015ft\u0131: 1 yaral\u0131"},"content":{"rendered":"<p>K\u00fctahya\u2019n\u0131n Tav\u015fanl\u0131 il\u00e7esinde otomobilin kamyona arkadan \u00e7arpmas\u0131 sonucu meydana gelen trafik kazas\u0131nda bir ki\u015fi a\u011f\u0131r yaraland\u0131.<br \/>\n<br \/>Kaza, d\u00fcn gece \u00c7evreyolu Caddesi Adliye I\u015f\u0131kl\u0131 Kav\u015fak\u2019ta meydana geldi. Edinilen bilgilere g\u00f6re, T.D. y\u00f6netimindeki 43 UP 984 plakal\u0131 otomobil, K\u00fctahya istikametinden il\u00e7e merkezine seyir halindeyken ayn\u0131 y\u00f6nde ilerleyen E.S. idaresindeki 03 ADC 139 plakal\u0131 kamyona arkadan \u00e7arpt\u0131. \u0130hbar \u00fczerine olay yerine acil sa\u011fl\u0131k ve polis ekipleri sevk edildi. Kazada hurdaya d\u00f6nen otomobilin s\u00fcr\u00fcc\u00fcs\u00fc T.D. a\u011f\u0131r yaraland\u0131. Yaral\u0131 s\u00fcr\u00fcc\u00fc, sa\u011fl\u0131k ekiplerinin olay yerindeki ilk m\u00fcdahalesinin ard\u0131ndan Tav\u015fanl\u0131 Do\u00e7. Dr. Mustafa Kalemli Devlet Hastanesi\u2019ne, ard\u0131ndan da K\u00fctahya \u015eehir Hastanesi\u2019ne sevk edildi.<br \/>\n<br \/>T.D.\u2019nin hayati tehlikesinin devam etti\u011fi \u00f6\u011frenildi.<br \/><\/p>\n","protected":false},"excerpt":{"rendered":"<p>K\u00fctahya\u2019n\u0131n Tav\u015fanl\u0131 il\u00e7esinde otomobilin kamyona arkadan \u00e7arpmas\u0131 sonucu meydana gelen trafik kazas\u0131nda bir ki\u015fi a\u011f\u0131r yaraland\u0131. Kaza, d\u00fcn gece \u00c7evreyolu Caddesi Adliye I\u015f\u0131kl\u0131 Kav\u015fak\u2019ta meydana geldi. Edinilen bilgilere g\u00f6re, T.D. y\u00f6netimindeki 43 UP 984 plakal\u0131 otomobil, K\u00fctahya istikametinden il\u00e7e merkezine seyir halindeyken ayn\u0131 y\u00f6nde ilerleyen E.S. idaresindeki 03 ADC 139 plakal\u0131 kamyona arkadan \u00e7arpt\u0131. \u0130hbar&#8230;<\/p>\n","protected":false},"author":1,"featured_media":67368,"comment_status":"open","ping_status":"open","sticky":false,"template":"","format":"standard","meta":{"_crdt_document":"","footnotes":""},"categories":[5],"tags":[],"class_list":["post-67367","post","type-post","status-publish","format-standard","has-post-thumbnail","hentry","category-asayis"],"_links":{"self":[{"href":"https:\/\/www.egemtv.com\/index.php?rest_route=\/wp\/v2\/posts\/67367","targetHints":{"allow":["GET"]}}],"collection":[{"href":"https:\/\/www.egemtv.com\/index.php?rest_route=\/wp\/v2\/posts"}],"about":[{"href":"https:\/\/www.egemtv.com\/index.php?rest_route=\/wp\/v2\/types\/post"}],"author":[{"embeddable":true,"href":"https:\/\/www.egemtv.com\/index.php?rest_route=\/wp\/v2\/users\/1"}],"replies":[{"embeddable":true,"href":"https:\/\/www.egemtv.com\/index.php?rest_route=%2Fwp%2Fv2%2Fcomments&post=67367"}],"version-history":[{"count":1,"href":"https:\/\/www.egemtv.com\/index.php?rest_route=\/wp\/v2\/posts\/67367\/revisions"}],"predecessor-version":[{"id":67369,"href":"https:\/\/www.egemtv.com\/index.php?rest_route=\/wp\/v2\/posts\/67367\/revisions\/67369"}],"wp:featuredmedia":[{"embeddable":true,"href":"https:\/\/www.egemtv.com\/index.php?rest_route=\/wp\/v2\/media\/67368"}],"wp:attachment":[{"href":"https:\/\/www.egemtv.com\/index.php?rest_route=%2Fwp%2Fv2%2Fmedia&parent=67367"}],"wp:term":[{"taxonomy":"category","embeddable":true,"href":"https:\/\/www.egemtv.com\/index.php?rest_route=%2Fwp%2Fv2%2Fcategories&post=67367"},{"taxonomy":"post_tag","embeddable":true,"href":"https:\/\/www.egemtv.com\/index.php?rest_route=%2Fwp%2Fv2%2Ftags&post=67367"}],"curies":[{"name":"wp","href":"https:\/\/api.w.org\/{rel}","templated":true}]}}