{"id":67364,"date":"2025-11-12T13:54:54","date_gmt":"2025-11-12T10:54:54","guid":{"rendered":"https:\/\/www.egemtv.com\/?p=67364"},"modified":"2025-11-12T13:54:55","modified_gmt":"2025-11-12T10:54:55","slug":"adu-rektoru-kent-adu-artik-surekli-gelisim-ve-hesap-verebilirlik-ilkeleriyle-yonetilen-bir-universitedir","status":"publish","type":"post","link":"https:\/\/www.egemtv.com\/?p=67364","title":{"rendered":"AD\u00dc Rekt\u00f6r\u00fc Kent: &#8220;AD\u00dc art\u0131k s\u00fcrekli geli\u015fim ve hesap verebilirlik ilkeleriyle y\u00f6netilen bir \u00fcniversitedir&#8221;"},"content":{"rendered":"<p>Adnan Menderes \u00dcniversitesi (AD\u00dc) 2025-2026 Akademik Y\u0131l\u0131 a\u00e7\u0131l\u0131\u015f t\u00f6reninde konu\u015fan AD\u00dc Rekt\u00f6r\u00fc Prof. Dr. B\u00fclent Kent, &#8220;AD\u00dc art\u0131k s\u00fcrekli geli\u015fim ve hesap verebilirlik ilkeleriyle y\u00f6netilen bir \u00fcniversitedir&#8221; dedi.<\/p>\n<p>AD\u00dc\u2019de 2025-2026 Akademik Y\u0131l\u0131 a\u00e7\u0131l\u0131\u015f t\u00f6reni Atat\u00fcrk Kongre Merkezi\u2019nde d\u00fczenlendi. T\u00f6rene Ayd\u0131n Valisi Yakup Canbolat, AD\u00dc Rekt\u00f6r\u00fc Prof. Dr. B\u00fclent Kent, il protokol\u00fc, akademisyenler ve \u00f6\u011frenciler kat\u0131ld\u0131. G\u00fcrcistan-Azerbaycan s\u0131n\u0131r\u0131nda askeri kargo u\u00e7a\u011f\u0131n\u0131n d\u00fc\u015fmesi sonucu \u015fehit d\u00fc\u015fen askerlerin an\u0131lmas\u0131, sayg\u0131 duru\u015fu ve \u0130stiklal Mar\u015f\u0131\u2019n\u0131n okunmas\u0131 ile ba\u015flayan t\u00f6rende Adnan Menderes \u00dcniversitesi\u2019nin son y\u0131llardaki ba\u015far\u0131lar\u0131n\u0131 ve faaliyetlerini konu alan tan\u0131t\u0131m filmin g\u00f6sterildi.<\/p>\n<p>&#8220;AD\u00dc, bilimi hayat\u0131n her alan\u0131na ta\u015f\u0131yan bir merkez haline geldi&#8221;<br \/>\n<br \/>T\u00f6rende konu\u015fan Rekt\u00f6r Prof. Dr. B\u00fclent Kent, \u00fcniversitenin son y\u0131llarda e\u011fitim ve ara\u015ft\u0131rma alanlar\u0131nda b\u00fcy\u00fck bir d\u00f6n\u00fc\u015f\u00fcm ya\u015fad\u0131\u011f\u0131n\u0131 belirterek, &#8220;Geride b\u0131rakt\u0131\u011f\u0131m\u0131z d\u00f6nemde yaln\u0131zca s\u0131n\u0131flar\u0131m\u0131z\u0131 de\u011fil, fikirlerimizi de yeniledik. Ara\u015ft\u0131rma k\u00fclt\u00fcr\u00fcn\u00fc kurumsal bir de\u011fere d\u00f6n\u00fc\u015ft\u00fcrd\u00fck; gen\u00e7 ara\u015ft\u0131rmac\u0131lara alan a\u00e7t\u0131k, laboratuvarlar\u0131m\u0131z\u0131 modernle\u015ftirdik, bilimi hayat\u0131n her alan\u0131na ta\u015f\u0131d\u0131k. Bug\u00fcn AD\u00dc, sadece bir e\u011fitim yuvas\u0131 de\u011fil; bilgi \u00fcreten, geli\u015ftiren ve topluma y\u00f6n veren bir bilim merkezidir&#8221; dedi.<\/p>\n<p>Rekt\u00f6r Kent ara\u015ft\u0131rma \u00fcniversitesi olma hedeflerinin art\u0131k bir hayal de\u011fil somut bir s\u00fcrece d\u00f6n\u00fc\u015ft\u00fc\u011f\u00fcn\u00fc vurgulayarak, &#8220;Yeni laboratuvarlar\u0131m\u0131z, uygulama merkezlerimiz ve g\u00fc\u00e7l\u00fc ara\u015ft\u0131rma altyap\u0131m\u0131zla \u00fclkemizin ve insanl\u0131\u011f\u0131n sorunlar\u0131na \u00e7\u00f6z\u00fcm \u00fcreten bir kurum haline geliyoruz. Y\u00fcr\u00fct\u00fclen projeler, uluslararas\u0131 ortakl\u0131klar ve yay\u0131mlanan binlerce makale, bu \u00e7aban\u0131n sessiz ama g\u00fc\u00e7l\u00fc tan\u0131klar\u0131d\u0131r. Son y\u0131llarda \u00fcniversitemiz akademik anlamda \u00f6nemli bir ivme kazand\u0131. Yeni kat\u0131lan \u00f6\u011fretim \u00fcyeleri, farkl\u0131 disiplinlerden gen\u00e7 bilim insanlar\u0131 ve deneyimli akademisyenler bu b\u00fcy\u00fcmenin kalbinde yer al\u0131yor. Her biri sadece bilgi \u00fcreten de\u011fil, ayn\u0131 zamanda \u00f6\u011frencisine rehberlik eden, topluma de\u011fer katan bir rol \u00fcstleniyor&#8221; ifadelerini kulland\u0131.<\/p>\n<p>&#8220;Kalite, geli\u015fim ve hesap verebilirlik sistemimizin merkezinde&#8221;<br \/>\n<br \/>Rekt\u00f6r Kent AD\u00dc\u2019n\u00fcn tarihinde ilk kez ger\u00e7ekle\u015ftirilen kurumsal akreditasyon s\u00fcreciyle birlikte kalite odakl\u0131 bir y\u00f6netim anlay\u0131\u015f\u0131n\u0131n benimsendi\u011fini belirterek, &#8220;\u00dcniversitemizin tarihinde ilk kez ger\u00e7ekle\u015ftirilen kapsaml\u0131 kurumsal akreditasyon s\u00fcreciyle birlikte, kaliteyi y\u00f6netim sistemimizin merkezine yerle\u015ftirdik. E\u011fitim ve \u00f6\u011fretim alan\u0131nda y\u00fcr\u00fctt\u00fc\u011f\u00fcm\u00fcz kurumsal ve program bazl\u0131 akreditasyon faaliyetleri, Ayd\u0131n Adnan Menderes \u00dcniversitesi\u2019nin kalite odakl\u0131 d\u00f6n\u00fc\u015f\u00fcm vizyonunun en belirgin g\u00f6stergelerindendir. Yeni kurdu\u011fumuz kalite, ileti\u015fim, insan kaynaklar\u0131, kariyer ve dijital d\u00f6n\u00fc\u015f\u00fcm koordinat\u00f6rl\u00fckleri ile birlikte AD\u00dc art\u0131k s\u00fcrekli geli\u015fim ve hesap verebilirlik ilkeleriyle y\u00f6netilen bir \u00fcniversitedir&#8221; diye konu\u015ftu.<\/p>\n<p>Kent, \u00fcniversite-toplum i\u015fbirli\u011fine de de\u011finerek, &#8220;Bu ba\u015far\u0131, \u00f6zverili eme\u011fiyle ve bilime adanm\u0131\u015fl\u0131\u011f\u0131yla b\u00fct\u00fcn meslekta\u015flar\u0131m\u0131n ortak \u00e7abas\u0131yla m\u00fcmk\u00fcn olmu\u015ftur. \u00dcniversitemiz yaln\u0131zca Ayd\u0131n\u2019\u0131n bir par\u00e7as\u0131 de\u011fil; Ayd\u0131n\u2019la birlikte nefes alan, onunla b\u00fcy\u00fcyen bir kurumdur. Yerel y\u00f6netimler, sanayi kurulu\u015flar\u0131 ve sivil toplum \u00f6rg\u00fctleriyle y\u00fcr\u00fctt\u00fc\u011f\u00fcm\u00fcz projeler, \u00fcniversite-toplum etkile\u015fimini g\u00fc\u00e7lendirmi\u015ftir. Bilimsel birikimimizi, b\u00f6lgesel kalk\u0131nmaya ve sosyal faydaya d\u00f6n\u00fc\u015ft\u00fcrmek bizim i\u00e7in akademik oldu\u011fu kadar insani bir g\u00f6revdir&#8221; dedi.<\/p>\n<p>&#8220;S\u00fcrd\u00fcr\u00fclebilir ve eri\u015filebilir kamp\u00fcs hedefiyle ilerliyoruz&#8221;<br \/>\n<br \/>AD\u00dc\u2019n\u00fcn dijital d\u00f6n\u00fc\u015f\u00fcm ve s\u00fcrd\u00fcr\u00fclebilirlik vizyonuna da de\u011finen AD\u00dc Rekt\u00f6r\u00fc Kent, &#8220;Kamp\u00fcslerimiz art\u0131k daha eri\u015filebilir, daha h\u0131zl\u0131 ve daha g\u00fcvenli. Kartl\u0131 ge\u00e7i\u015f altyap\u0131s\u0131, yenilenen web aray\u00fcz\u00fc ve uluslararas\u0131 kalite belgeleriyle \u00e7a\u011f\u0131n dijital gerekliliklerini eksiksiz yerine getiriyoruz. Do\u011faya sayg\u0131l\u0131, s\u00fcrd\u00fcr\u00fclebilir bir kamp\u00fcs anlay\u0131\u015f\u0131yla ilerliyoruz. Yeni dikimini yapt\u0131\u011f\u0131m\u0131z zeytin, defne, limon ve sak\u0131z a\u011fa\u00e7lar\u0131yla kamp\u00fcslerimiz sadece ye\u015fillenmiyor; nefes al\u0131yor. Bu nefes, bilimin ve eme\u011fin ortak nefesidir&#8221; dedi.<\/p>\n<p>Rekt\u00f6r Kent son olarak \u00f6\u011frenciler i\u00e7in yap\u0131lan yeniliklerden de bahsederek, &#8220;\u00d6\u011frencilerimiz i\u00e7in her ad\u0131mda daha \u00fcretken, daha eri\u015filebilir bir ortam kurduk. K\u00fct\u00fcphanelerimizi zenginle\u015ftirdik, \u00f6\u011frenci kul\u00fcplerimizi destekledik, kamp\u00fcs ya\u015fam\u0131n\u0131 daha g\u00fcvenli hale getirdik. Eri\u015filebilirlik \u00e7al\u0131\u015fmalar\u0131m\u0131z\u0131n Y\u00d6K taraf\u0131ndan \u2019turuncu bayrak\u2019 ile \u00f6d\u00fcllendirilmesi bu \u00e7aban\u0131n sembol\u00fcd\u00fcr. \u00dcniversitemiz akademik oldu\u011fu kadar, k\u00fclt\u00fcrel ve sportif alanlarda da \u00f6rnek bir kurum haline geldi. Sporcular\u0131m\u0131z uluslararas\u0131 arenalarda ba\u015far\u0131lar kazan\u0131yor; \u00f6\u011frencilerimiz sosyal sorumluluk projeleriyle topluma de\u011fer kat\u0131yor. 2025-2026 Akademik Y\u0131l\u0131, AD\u00dc\u2019n\u00fcn ara\u015ft\u0131rma \u00fcniversitesi hedefine kararl\u0131l\u0131kla y\u00fcr\u00fcd\u00fc\u011f\u00fc, bilimsel \u00f6zg\u00fcrl\u00fc\u011f\u00fc, etik de\u011ferleri ve toplumsal sorumlulu\u011fu b\u00fct\u00fcnle\u015ftirdi\u011fi bir y\u0131l olacakt\u0131r. Yeni akademik y\u0131l\u0131n; sa\u011fl\u0131k, \u00fcretkenlik, ba\u015far\u0131 ve bereket getirmesini diliyor, hepinizi sayg\u0131 ve sevgiyle selaml\u0131yorum&#8221; ifadelerine yer verdi.<\/p>\n<p>Ana temas\u0131 \u2019Akademik Sorumluluklar\u0131m\u0131z ve Uluslararas\u0131 Bilimsel Rekabet\u2019 olarak belirlenen t\u00f6rende, Rekt\u00f6r Kent\u2019in ard\u0131ndan T\u00fcrkiye Bilimler Akademisi (T\u00dcBA) Ba\u015fkan\u0131 Prof. Dr. Muzaffer \u015eeker de T\u00fcrkiye\u2019nin bilimsel alandaki uluslararas\u0131 konumu, akademik etik ve \u00fcniversitelerin k\u00fcresel rekabetteki rol\u00fc \u00fczerine konu\u015fma yapt\u0131.<br \/><\/p>\n","protected":false},"excerpt":{"rendered":"<p>Adnan Menderes \u00dcniversitesi (AD\u00dc) 2025-2026 Akademik Y\u0131l\u0131 a\u00e7\u0131l\u0131\u015f t\u00f6reninde konu\u015fan AD\u00dc Rekt\u00f6r\u00fc Prof. Dr. B\u00fclent Kent, &#8220;AD\u00dc art\u0131k s\u00fcrekli geli\u015fim ve hesap verebilirlik ilkeleriyle y\u00f6netilen bir \u00fcniversitedir&#8221; dedi. AD\u00dc\u2019de 2025-2026 Akademik Y\u0131l\u0131 a\u00e7\u0131l\u0131\u015f t\u00f6reni Atat\u00fcrk Kongre Merkezi\u2019nde d\u00fczenlendi. T\u00f6rene Ayd\u0131n Valisi Yakup Canbolat, AD\u00dc Rekt\u00f6r\u00fc Prof. Dr. B\u00fclent Kent, il protokol\u00fc, akademisyenler ve \u00f6\u011frenciler kat\u0131ld\u0131&#8230;.<\/p>\n","protected":false},"author":1,"featured_media":67365,"comment_status":"open","ping_status":"open","sticky":false,"template":"","format":"standard","meta":{"_crdt_document":"","footnotes":""},"categories":[1],"tags":[],"class_list":["post-67364","post","type-post","status-publish","format-standard","has-post-thumbnail","hentry","category-guncel"],"_links":{"self":[{"href":"https:\/\/www.egemtv.com\/index.php?rest_route=\/wp\/v2\/posts\/67364","targetHints":{"allow":["GET"]}}],"collection":[{"href":"https:\/\/www.egemtv.com\/index.php?rest_route=\/wp\/v2\/posts"}],"about":[{"href":"https:\/\/www.egemtv.com\/index.php?rest_route=\/wp\/v2\/types\/post"}],"author":[{"embeddable":true,"href":"https:\/\/www.egemtv.com\/index.php?rest_route=\/wp\/v2\/users\/1"}],"replies":[{"embeddable":true,"href":"https:\/\/www.egemtv.com\/index.php?rest_route=%2Fwp%2Fv2%2Fcomments&post=67364"}],"version-history":[{"count":1,"href":"https:\/\/www.egemtv.com\/index.php?rest_route=\/wp\/v2\/posts\/67364\/revisions"}],"predecessor-version":[{"id":67366,"href":"https:\/\/www.egemtv.com\/index.php?rest_route=\/wp\/v2\/posts\/67364\/revisions\/67366"}],"wp:featuredmedia":[{"embeddable":true,"href":"https:\/\/www.egemtv.com\/index.php?rest_route=\/wp\/v2\/media\/67365"}],"wp:attachment":[{"href":"https:\/\/www.egemtv.com\/index.php?rest_route=%2Fwp%2Fv2%2Fmedia&parent=67364"}],"wp:term":[{"taxonomy":"category","embeddable":true,"href":"https:\/\/www.egemtv.com\/index.php?rest_route=%2Fwp%2Fv2%2Fcategories&post=67364"},{"taxonomy":"post_tag","embeddable":true,"href":"https:\/\/www.egemtv.com\/index.php?rest_route=%2Fwp%2Fv2%2Ftags&post=67364"}],"curies":[{"name":"wp","href":"https:\/\/api.w.org\/{rel}","templated":true}]}}