{"id":67361,"date":"2025-11-12T13:35:26","date_gmt":"2025-11-12T10:35:26","guid":{"rendered":"https:\/\/www.egemtv.com\/?p=67361"},"modified":"2025-11-12T13:35:27","modified_gmt":"2025-11-12T10:35:27","slug":"mugla-u13-hokey-takimi-turkiye-sampiyonu-oldu","status":"publish","type":"post","link":"https:\/\/www.egemtv.com\/?p=67361","title":{"rendered":"Mu\u011fla U13 Hokey Tak\u0131m\u0131 T\u00fcrkiye \u015eampiyonu oldu"},"content":{"rendered":"<p>Konya\u2019da d\u00fczenlenen U13 K\u0131zlar Hokey T\u00fcrkiye \u015eampiyonas\u0131\u2019nda m\u00fccadele eden Mu\u011fla \u0130l Karmas\u0131, nama\u011flup \u015fekilde T\u00fcrkiye \u015eampiyonu olarak b\u00fcy\u00fck bir ba\u015far\u0131ya imza att\u0131.<\/p>\n<p>Mu\u011fla, son y\u0131llarda spor altyap\u0131s\u0131na yap\u0131lan yat\u0131r\u0131mlar\u0131n meyvelerini toplamaya devam ediyor. 7-11 Kas\u0131m 2025 tarihleri aras\u0131nda Konya\u2019da d\u00fczenlenen U13 K\u0131zlar Hokey T\u00fcrkiye \u015eampiyonas\u0131\u2019nda, tamam\u0131 Gen\u00e7lik ve Spor Bakanl\u0131\u011f\u0131 (GSB) Spor Okullar\u0131 sporcular\u0131ndan olu\u015fan Mu\u011fla \u0130l Karmas\u0131 U13 Hokey Tak\u0131m\u0131, nama\u011flup \u015fekilde T\u00fcrkiye \u015eampiyonu oldu.<\/p>\n<p>Mu\u011fla ekibinin elde etti\u011fi bu ba\u015far\u0131y\u0131 Mu\u011fla Valisi Dr. \u0130dris Akb\u0131y\u0131k, &#8220;Mu\u011fla \u0130l Karmas\u0131 U13 hokey Tak\u0131m\u0131m\u0131z\u0131, ailelerini ve antren\u00f6rlerini tebrik ediyor, ba\u015far\u0131lar\u0131n\u0131n devam\u0131n\u0131 diliyorum&#8221; s\u00f6zleriyle kutlad\u0131.<br \/><\/p>\n","protected":false},"excerpt":{"rendered":"<p>Konya\u2019da d\u00fczenlenen U13 K\u0131zlar Hokey T\u00fcrkiye \u015eampiyonas\u0131\u2019nda m\u00fccadele eden Mu\u011fla \u0130l Karmas\u0131, nama\u011flup \u015fekilde T\u00fcrkiye \u015eampiyonu olarak b\u00fcy\u00fck bir ba\u015far\u0131ya imza att\u0131. Mu\u011fla, son y\u0131llarda spor altyap\u0131s\u0131na yap\u0131lan yat\u0131r\u0131mlar\u0131n meyvelerini toplamaya devam ediyor. 7-11 Kas\u0131m 2025 tarihleri aras\u0131nda Konya\u2019da d\u00fczenlenen U13 K\u0131zlar Hokey T\u00fcrkiye \u015eampiyonas\u0131\u2019nda, tamam\u0131 Gen\u00e7lik ve Spor Bakanl\u0131\u011f\u0131 (GSB) Spor Okullar\u0131 sporcular\u0131ndan olu\u015fan&#8230;<\/p>\n","protected":false},"author":1,"featured_media":67362,"comment_status":"open","ping_status":"open","sticky":false,"template":"","format":"standard","meta":{"_crdt_document":"","footnotes":""},"categories":[4],"tags":[],"class_list":["post-67361","post","type-post","status-publish","format-standard","has-post-thumbnail","hentry","category-spor"],"_links":{"self":[{"href":"https:\/\/www.egemtv.com\/index.php?rest_route=\/wp\/v2\/posts\/67361","targetHints":{"allow":["GET"]}}],"collection":[{"href":"https:\/\/www.egemtv.com\/index.php?rest_route=\/wp\/v2\/posts"}],"about":[{"href":"https:\/\/www.egemtv.com\/index.php?rest_route=\/wp\/v2\/types\/post"}],"author":[{"embeddable":true,"href":"https:\/\/www.egemtv.com\/index.php?rest_route=\/wp\/v2\/users\/1"}],"replies":[{"embeddable":true,"href":"https:\/\/www.egemtv.com\/index.php?rest_route=%2Fwp%2Fv2%2Fcomments&post=67361"}],"version-history":[{"count":1,"href":"https:\/\/www.egemtv.com\/index.php?rest_route=\/wp\/v2\/posts\/67361\/revisions"}],"predecessor-version":[{"id":67363,"href":"https:\/\/www.egemtv.com\/index.php?rest_route=\/wp\/v2\/posts\/67361\/revisions\/67363"}],"wp:featuredmedia":[{"embeddable":true,"href":"https:\/\/www.egemtv.com\/index.php?rest_route=\/wp\/v2\/media\/67362"}],"wp:attachment":[{"href":"https:\/\/www.egemtv.com\/index.php?rest_route=%2Fwp%2Fv2%2Fmedia&parent=67361"}],"wp:term":[{"taxonomy":"category","embeddable":true,"href":"https:\/\/www.egemtv.com\/index.php?rest_route=%2Fwp%2Fv2%2Fcategories&post=67361"},{"taxonomy":"post_tag","embeddable":true,"href":"https:\/\/www.egemtv.com\/index.php?rest_route=%2Fwp%2Fv2%2Ftags&post=67361"}],"curies":[{"name":"wp","href":"https:\/\/api.w.org\/{rel}","templated":true}]}}