{"id":67355,"date":"2025-11-12T12:54:54","date_gmt":"2025-11-12T09:54:54","guid":{"rendered":"https:\/\/www.egemtv.com\/?p=67355"},"modified":"2025-11-12T12:54:55","modified_gmt":"2025-11-12T09:54:55","slug":"baskan-mandalinci-ve-meclis-uyelerinden-anitkabir-ziyareti","status":"publish","type":"post","link":"https:\/\/www.egemtv.com\/?p=67355","title":{"rendered":"Ba\u015fkan Mandalinci ve meclis \u00fcyelerinden An\u0131tkabir ziyareti"},"content":{"rendered":"<p>Bodrum Belediye Ba\u015fkan\u0131 Tamer Mandalinci ve belediye meclis \u00fcyeleri, An\u0131tkabir\u2019i ziyaret ederek resmi t\u00f6renle Ata\u2019n\u0131n huzuruna \u00e7\u0131kt\u0131.<br \/>\n<br \/>T\u00f6ren kapsam\u0131nda Bodrum Belediye Ba\u015fkanl\u0131\u011f\u0131 \u00e7elengi Ba\u015fkan Mandalinci taraf\u0131ndan An\u0131tkabir\u2019e sunuldu. Sayg\u0131 duru\u015funun ard\u0131ndan heyet Misak-\u0131 Milli Kulesi\u2019ne ge\u00e7ti. Burada An\u0131tkabir \u00d6zel Defteri\u2019ni imzalayan Ba\u015fkan Mandalinci \u015fu ifadeleri kaleme ald\u0131:<br \/>\n<br \/>&#8220;Ulu \u00d6nder Gazi Mustafa Kemal Atat\u00fcrk, Aziz huzurunuzda; Cumhuriyetimizin kurucusu, ba\u011f\u0131ms\u0131zl\u0131\u011f\u0131m\u0131z\u0131n mimar\u0131 ve \u00e7a\u011fda\u015f T\u00fcrkiye\u2019nin yol g\u00f6stericisi olarak b\u0131rakt\u0131\u011f\u0131n\u0131z b\u00fcy\u00fck mirasa duydu\u011fumuz sayg\u0131 ve minneti ifade ediyoruz. Aram\u0131zdan bedenen ayr\u0131l\u0131\u015f\u0131n\u0131z\u0131n \u00fczerinden y\u0131llar ge\u00e7mi\u015f olsa da fikirleriniz \u00e7a\u011flar\u0131 a\u015fan bir \u0131\u015f\u0131k gibi yolumuzu ayd\u0131nlatmaya devam ediyor. Milletimize en zor g\u00fcnlerinde umut, cesaret ve inan\u00e7 a\u015f\u0131layarak ba\u011f\u0131ms\u0131zl\u0131k me\u015falesini yakt\u0131n\u0131z. T\u00fcrkiye Cumhuriyeti\u2019nin bir evlad\u0131 ve gen\u00e7 bir belediye ba\u015fkan\u0131 olarak, \u00e7al\u0131\u015fma arkada\u015flar\u0131m\u0131z ile birlikte huzurunuzda olman\u0131n onurunu ve sorumlulu\u011funu derinden hissediyoruz. Bodrum\u2019un her bir yurtta\u015f\u0131 ile birlikte \u2018en b\u00fcy\u00fck eserim\u2019 dedi\u011finiz Cumhuriyet\u2019i her g\u00fcn yeniden in\u015fa ediyor; onu yaln\u0131zca korumakla de\u011fil, geli\u015ftirmekle de sorumlu oldu\u011fumuzun bilinciyle hareket ediyoruz. Emanetiniz emin ellerdedir.<br \/>\n<br \/>Sizleri, silah arkada\u015flar\u0131n\u0131z\u0131, bu vatan u\u011fruna can veren aziz \u015fehitlerimizi ve kahraman gazilerimizi derin bir sayg\u0131, rahmet ve minnetle an\u0131yorum. Ruhunuz \u015fad olsun.&#8221;<\/p>\n<p>Ba\u015fkan Tamer Mandalinci ve meclis \u00fcyeleri, Ankara program\u0131 kapsam\u0131nda T\u00fcrkiye B\u00fcy\u00fck Millet Meclisi\u2019ni de ziyaret etti. Heyet, Mu\u011fla Milletvekilleri S\u00fcreyya \u00d6ne\u015f Derici, Gizem \u00d6zcan ve Cumhur Uzun\u2019u makamlar\u0131nda ziyaret etti. Ard\u0131ndan CHP Grup Ba\u015fkanvekilleri Ali Mahir Ba\u015far\u0131r ve Murat Emir ile de bir araya gelindi.<br \/>\n<br \/>Cumhuriyet Halk Partisi Grup Toplant\u0131s\u0131 \u00f6ncesinde, Bodrum Belediye Ba\u015fkan\u0131 Tamer Mandalinci ve belediye meclis \u00fcyeleri, CHP Genel Ba\u015fkan\u0131 \u00d6zg\u00fcr \u00d6zel ile bir araya geldi. G\u00f6r\u00fc\u015fmenin ard\u0131ndan parti grup toplant\u0131s\u0131na kat\u0131lan heyet, Ankara program\u0131n\u0131 Ankara B\u00fcy\u00fck\u015fehir Belediye Ba\u015fkan\u0131 Mansur Yava\u015f\u2019a yap\u0131lan nezaket ziyaretiyle tamamlad\u0131.<br \/>\n<br \/>Ba\u015fkan Mandalinci\u2019ye Ankara ziyaretinde e\u015fi Sezil Mandalinci ve o\u011flu Ali Uraz Mandalinci de e\u015flik etti.<br \/><\/p>\n","protected":false},"excerpt":{"rendered":"<p>Bodrum Belediye Ba\u015fkan\u0131 Tamer Mandalinci ve belediye meclis \u00fcyeleri, An\u0131tkabir\u2019i ziyaret ederek resmi t\u00f6renle Ata\u2019n\u0131n huzuruna \u00e7\u0131kt\u0131. T\u00f6ren kapsam\u0131nda Bodrum Belediye Ba\u015fkanl\u0131\u011f\u0131 \u00e7elengi Ba\u015fkan Mandalinci taraf\u0131ndan An\u0131tkabir\u2019e sunuldu. Sayg\u0131 duru\u015funun ard\u0131ndan heyet Misak-\u0131 Milli Kulesi\u2019ne ge\u00e7ti. Burada An\u0131tkabir \u00d6zel Defteri\u2019ni imzalayan Ba\u015fkan Mandalinci \u015fu ifadeleri kaleme ald\u0131: &#8220;Ulu \u00d6nder Gazi Mustafa Kemal Atat\u00fcrk, Aziz huzurunuzda;&#8230;<\/p>\n","protected":false},"author":1,"featured_media":67356,"comment_status":"open","ping_status":"open","sticky":false,"template":"","format":"standard","meta":{"_crdt_document":"","footnotes":""},"categories":[1],"tags":[],"class_list":["post-67355","post","type-post","status-publish","format-standard","has-post-thumbnail","hentry","category-guncel"],"_links":{"self":[{"href":"https:\/\/www.egemtv.com\/index.php?rest_route=\/wp\/v2\/posts\/67355","targetHints":{"allow":["GET"]}}],"collection":[{"href":"https:\/\/www.egemtv.com\/index.php?rest_route=\/wp\/v2\/posts"}],"about":[{"href":"https:\/\/www.egemtv.com\/index.php?rest_route=\/wp\/v2\/types\/post"}],"author":[{"embeddable":true,"href":"https:\/\/www.egemtv.com\/index.php?rest_route=\/wp\/v2\/users\/1"}],"replies":[{"embeddable":true,"href":"https:\/\/www.egemtv.com\/index.php?rest_route=%2Fwp%2Fv2%2Fcomments&post=67355"}],"version-history":[{"count":1,"href":"https:\/\/www.egemtv.com\/index.php?rest_route=\/wp\/v2\/posts\/67355\/revisions"}],"predecessor-version":[{"id":67357,"href":"https:\/\/www.egemtv.com\/index.php?rest_route=\/wp\/v2\/posts\/67355\/revisions\/67357"}],"wp:featuredmedia":[{"embeddable":true,"href":"https:\/\/www.egemtv.com\/index.php?rest_route=\/wp\/v2\/media\/67356"}],"wp:attachment":[{"href":"https:\/\/www.egemtv.com\/index.php?rest_route=%2Fwp%2Fv2%2Fmedia&parent=67355"}],"wp:term":[{"taxonomy":"category","embeddable":true,"href":"https:\/\/www.egemtv.com\/index.php?rest_route=%2Fwp%2Fv2%2Fcategories&post=67355"},{"taxonomy":"post_tag","embeddable":true,"href":"https:\/\/www.egemtv.com\/index.php?rest_route=%2Fwp%2Fv2%2Ftags&post=67355"}],"curies":[{"name":"wp","href":"https:\/\/api.w.org\/{rel}","templated":true}]}}