{"id":67352,"date":"2025-11-12T12:54:53","date_gmt":"2025-11-12T09:54:53","guid":{"rendered":"https:\/\/www.egemtv.com\/?p=67352"},"modified":"2025-11-12T12:54:54","modified_gmt":"2025-11-12T09:54:54","slug":"bel-fitigi-tedavisinde-gelisen-yeni-yontemler-hastanin-konforunu-artirip-yatis-suresini-azaltti","status":"publish","type":"post","link":"https:\/\/www.egemtv.com\/?p=67352","title":{"rendered":"Bel f\u0131t\u0131\u011f\u0131 tedavisinde geli\u015fen yeni y\u00f6ntemler hastan\u0131n konforunu art\u0131r\u0131p, yat\u0131\u015f s\u00fcresini azaltt\u0131"},"content":{"rendered":"<p>\u0130lk bel f\u0131t\u0131\u011f\u0131 ameliyat\u0131ndan g\u00fcn\u00fcm\u00fcze kadar geli\u015fen bel f\u0131t\u0131\u011f\u0131 ameliyat\u0131 y\u00f6ntemleri hakk\u0131nda bilgiler veren \u00d6zel Denizli Tekden Hastanesi Beyin ve Sinir Cerrahisi Uzman\u0131 Op. Dr. Yasin Levend \u00d6z\u00e7elik, &#8221; Hastan\u0131n konforunu art\u0131r\u0131c\u0131, daha az hastanede kalma s\u00fcresini sa\u011flayan y\u00f6ntemler de geli\u015ftirildi&#8221; ifadelerini kulland\u0131.<\/p>\n<p>Bel f\u0131t\u0131\u011f\u0131 ameliyat\u0131n\u0131n ilk yap\u0131ld\u0131\u011f\u0131 g\u00fcnden g\u00fcn\u00fcm\u00fcze kadar de\u011fi\u015fen ve geli\u015fen y\u00f6ntemleri hakk\u0131nda bilgiler veren \u00d6zel Denizli Tekden Hastanesi Beyin ve Sinir Cerrahisi Uzman\u0131 Op. Dr. Yasin Levend \u00d6z\u00e7elik, bel f\u0131t\u0131\u011f\u0131 olan hastalar\u0131n bir uzman doktora g\u00f6r\u00fcn\u00fcp kendisine uygun tedavi \u00f6\u011frenip sonras\u0131nda ameliyat olup olmayacaklar\u0131na karar vermeleri konusunda uyard\u0131.  Op. Dr. Yasin Levend \u00d6z\u00e7elik, &#8220;Bel ameliyatlar\u0131 yakla\u015f\u0131k 100 y\u0131ld\u0131r modern \u015fekilde yap\u0131lmaya ba\u015flanm\u0131\u015f. \u0130lk olarak 1927 tarihinde bel f\u0131t\u0131\u011f\u0131 ameliyat\u0131 yap\u0131ld\u0131ktan sonra o \u00e7e\u015fitli geli\u015fmeler kaydedilmi\u015f ve g\u00fcn\u00fcm\u00fcze kadar \u00e7e\u015fitlenerek ve modernle\u015ferek gelmi\u015ftir. \u0130lk yap\u0131lan ameliyatlar hala yap\u0131lmaktad\u0131r. Halk aras\u0131nda a\u00e7\u0131k ameliyat dedi\u011fimiz bel f\u0131t\u0131\u011f\u0131 ameliyatlar\u0131 bug\u00fcn de halen devam etmektedir. Ancak bunun hastaya verdi\u011fi konforun daha az olmas\u0131, hastan\u0131n ameliyat sonras\u0131 s\u00fcrecinin rahats\u0131z olmas\u0131 gibi sebeplerle daha hastan\u0131n konforunu art\u0131r\u0131c\u0131, daha az hastanede kalma s\u00fcresini sa\u011flayan y\u00f6ntemler de geli\u015ftirilmi\u015f. Hastaya daha az zarar veren daha az kemik dokusuna daha az kas dokusuna zarar veren y\u00f6ntemler de geli\u015ftirilmi\u015f. \u00d6rne\u011fin, daha sonra mikro cerrahiler 1957\u2019den sonra yap\u0131lmaya ba\u015flanm\u0131\u015f. Bu y\u00f6ntemin \u00fclkemize gelmesi mikroskopun geli\u015fiminden sonra 2000\u2019leri buluyor ama daha sonra lazer cerrahileri geli\u015fmeye ba\u015fl\u0131yor, endoskopik cerrahiler geli\u015fmeye ba\u015flad\u0131. Bunlar gittik\u00e7e daha az kesiyle daha ufak kesiyle ayn\u0131 ameliyatlar hemen hemen ayn\u0131 ba\u015far\u0131 oranlar\u0131nda yap\u0131labilmekte. Hastaya g\u00f6re tabi se\u00e7im yap\u0131lmak \u015fart olmakla beraber, her hastaya her y\u00f6ntem uygun olmas\u0131ndan gerekti\u011finde biz de hastalar\u0131m\u0131za bu y\u00f6ntemlerden hepsini a\u00e7\u0131k ameliyat\u0131ndan platinli ameliyat\u0131na ya da endoskopik ameliyata ful kapal\u0131 tam kapal\u0131 ameliyat dedi\u011fimiz ameliyatlara kadar yapabilmekteyiz&#8221; dedi.<\/p>\n<p>&#8220;Ameliyats\u0131z tedavi m\u00fcmk\u00fcn&#8221;<br \/>\n<br \/>Bel f\u0131t\u0131\u011f\u0131 tedavisinde geli\u015fen tedavi y\u00f6ntemlerine de\u011finen Op. Dr. Yasin Levend \u00d6z\u00e7elik, &#8220;N\u00fckloplastik ameliyatlar\u0131 yap\u0131labiliyor. Lazer ameliyatlar\u0131 yap\u0131labiliyor. Bunlar dedi\u011fim gibi hastan\u0131n kendisine ve f\u0131t\u0131\u011f\u0131n\u0131n durumuna g\u00f6re klini\u011fine g\u00f6re veya ge\u00e7mi\u015fte bel b\u00f6lgesinde ge\u00e7irilen ameliyatlara veya hastan\u0131n patolojik problemlerine g\u00f6re \u00e7e\u015fitlendirilebilmekte. Y\u00f6ntemler hastayla konu\u015farak belirlenmektedir.  Yani anlatmak istedi\u011fim burada, bel f\u0131t\u0131\u011f\u0131 ameliyat\u0131 sadece ameliyatla olur ve sadece a\u00e7\u0131k ameliyatla olur \u00f6n yarg\u0131s\u0131na kar\u015f\u0131, halk\u0131m\u0131za y\u00f6ntemlerin \u00e7e\u015fitlendi\u011fini ve \u00e7ok da modern y\u00f6ntemlerle geli\u015fti\u011fi konusunda bilgilendirmek. Halk aras\u0131nda dola\u015fan bel f\u0131t\u0131\u011f\u0131nda hemen ameliyat ediyorlar, ameliyat sonras\u0131 sakat kal\u0131yorsun gibi \u00f6n yar\u0131lar\u0131n yanl\u0131\u015f. Bel f\u0131t\u0131\u011f\u0131 sorunundan derecesine g\u00f6re belki ameliyats\u0131z kurtulman\u0131z m\u00fcmk\u00fcnken ge\u00e7 kal\u0131p geri d\u00f6n\u00fc\u015f\u00fc olmayan hasarla sebebiyet verebilirsiniz. Bel f\u0131t\u0131\u011f\u0131 olan hastalar\u0131n bir uzman doktora g\u00f6r\u00fcn\u00fcp kendisine uygun tedavi \u00f6\u011frenip ameliyat olup olmayaca\u011f\u0131na o \u015fekilde karar vermeli&#8221; diye konu\u015ftu.<br \/><\/p>\n","protected":false},"excerpt":{"rendered":"<p>\u0130lk bel f\u0131t\u0131\u011f\u0131 ameliyat\u0131ndan g\u00fcn\u00fcm\u00fcze kadar geli\u015fen bel f\u0131t\u0131\u011f\u0131 ameliyat\u0131 y\u00f6ntemleri hakk\u0131nda bilgiler veren \u00d6zel Denizli Tekden Hastanesi Beyin ve Sinir Cerrahisi Uzman\u0131 Op. Dr. Yasin Levend \u00d6z\u00e7elik, &#8221; Hastan\u0131n konforunu art\u0131r\u0131c\u0131, daha az hastanede kalma s\u00fcresini sa\u011flayan y\u00f6ntemler de geli\u015ftirildi&#8221; ifadelerini kulland\u0131. Bel f\u0131t\u0131\u011f\u0131 ameliyat\u0131n\u0131n ilk yap\u0131ld\u0131\u011f\u0131 g\u00fcnden g\u00fcn\u00fcm\u00fcze kadar de\u011fi\u015fen ve geli\u015fen y\u00f6ntemleri&#8230;<\/p>\n","protected":false},"author":1,"featured_media":67353,"comment_status":"open","ping_status":"open","sticky":false,"template":"","format":"standard","meta":{"_crdt_document":"","footnotes":""},"categories":[2],"tags":[],"class_list":["post-67352","post","type-post","status-publish","format-standard","has-post-thumbnail","hentry","category-saglik"],"_links":{"self":[{"href":"https:\/\/www.egemtv.com\/index.php?rest_route=\/wp\/v2\/posts\/67352","targetHints":{"allow":["GET"]}}],"collection":[{"href":"https:\/\/www.egemtv.com\/index.php?rest_route=\/wp\/v2\/posts"}],"about":[{"href":"https:\/\/www.egemtv.com\/index.php?rest_route=\/wp\/v2\/types\/post"}],"author":[{"embeddable":true,"href":"https:\/\/www.egemtv.com\/index.php?rest_route=\/wp\/v2\/users\/1"}],"replies":[{"embeddable":true,"href":"https:\/\/www.egemtv.com\/index.php?rest_route=%2Fwp%2Fv2%2Fcomments&post=67352"}],"version-history":[{"count":1,"href":"https:\/\/www.egemtv.com\/index.php?rest_route=\/wp\/v2\/posts\/67352\/revisions"}],"predecessor-version":[{"id":67354,"href":"https:\/\/www.egemtv.com\/index.php?rest_route=\/wp\/v2\/posts\/67352\/revisions\/67354"}],"wp:featuredmedia":[{"embeddable":true,"href":"https:\/\/www.egemtv.com\/index.php?rest_route=\/wp\/v2\/media\/67353"}],"wp:attachment":[{"href":"https:\/\/www.egemtv.com\/index.php?rest_route=%2Fwp%2Fv2%2Fmedia&parent=67352"}],"wp:term":[{"taxonomy":"category","embeddable":true,"href":"https:\/\/www.egemtv.com\/index.php?rest_route=%2Fwp%2Fv2%2Fcategories&post=67352"},{"taxonomy":"post_tag","embeddable":true,"href":"https:\/\/www.egemtv.com\/index.php?rest_route=%2Fwp%2Fv2%2Ftags&post=67352"}],"curies":[{"name":"wp","href":"https:\/\/api.w.org\/{rel}","templated":true}]}}