{"id":67349,"date":"2025-11-12T12:54:52","date_gmt":"2025-11-12T09:54:52","guid":{"rendered":"https:\/\/www.egemtv.com\/?p=67349"},"modified":"2025-11-12T12:54:53","modified_gmt":"2025-11-12T09:54:53","slug":"muhtar-taleplerini-igm-uyelerine-aktardi","status":"publish","type":"post","link":"https:\/\/www.egemtv.com\/?p=67349","title":{"rendered":"Muhtar taleplerini \u0130GM \u00fcyelerine aktard\u0131"},"content":{"rendered":"<p>Afyonkarahisar\u2019\u0131n \u015euhut il\u00e7esine ba\u011fl\u0131 k\u00f6ylerin muhtarlar\u0131 \u0130l Genel Meclisi (\u0130GM) \u00fcyelerini ziyaret ederek k\u00f6ylerin alt ve \u00fcst yap\u0131 yat\u0131r\u0131mlar\u0131 hakk\u0131nda taleplerini ilettiler.<br \/>\n<br \/>\u015euhut il\u00e7esine ba\u011fl\u0131 Senir K\u00f6y\u00fc Muhtar\u0131 Osman K\u0131l\u0131n\u00e7, Ayd\u0131n K\u00f6y\u00fc Muhtar\u0131 Mehmet Asmakaya ve Tekke K\u00f6y\u00fc Muhtar\u0131 Erol Sar\u0131kaya, \u0130GM \u00fcyeleri Ali Diren, Mehmet Avc\u0131 ve Mahmut Akkaya\u2019y\u0131 ziyaret etti.<br \/>\n<br \/>Ger\u00e7ekle\u015ftirilen ziyarette k\u00f6ylerin mevcut durumu, altyap\u0131 \u00e7al\u0131\u015fmalar\u0131, yol bak\u0131m ve onar\u0131m talepleri ile vatanda\u015flar\u0131n ya\u015fam standartlar\u0131n\u0131 iyile\u015ftirmeye y\u00f6nelik projeler ele al\u0131nd\u0131. Muhtarlar, k\u00f6ylerinde \u00f6ncelikli olarak \u00e7\u00f6z\u00fclmesi gereken ihtiya\u00e7lar\u0131 dile getirerek destek talebinde bulundu. \u0130GM \u00fcyeleri ise k\u00f6ylerin geli\u015fimi i\u00e7in yap\u0131lan taleplerin de\u011ferlendirmeye al\u0131naca\u011f\u0131n\u0131 belirterek, yerel y\u00f6netimlerle i\u015f birli\u011fi i\u00e7inde \u00e7\u00f6z\u00fcm odakl\u0131 \u00e7al\u0131\u015fmalar\u0131n devam edece\u011fini ifade etti. Ziyaretin sonunda kar\u015f\u0131l\u0131kl\u0131 fikir al\u0131\u015fveri\u015finde bulunulurken, b\u00f6lgedeki hizmetlerin daha etkin y\u00fcr\u00fct\u00fclmesi ad\u0131na i\u015f birli\u011finin g\u00fc\u00e7lendirilmesi konusunda mutab\u0131k kal\u0131nd\u0131.<br \/><\/p>\n","protected":false},"excerpt":{"rendered":"<p>Afyonkarahisar\u2019\u0131n \u015euhut il\u00e7esine ba\u011fl\u0131 k\u00f6ylerin muhtarlar\u0131 \u0130l Genel Meclisi (\u0130GM) \u00fcyelerini ziyaret ederek k\u00f6ylerin alt ve \u00fcst yap\u0131 yat\u0131r\u0131mlar\u0131 hakk\u0131nda taleplerini ilettiler. \u015euhut il\u00e7esine ba\u011fl\u0131 Senir K\u00f6y\u00fc Muhtar\u0131 Osman K\u0131l\u0131n\u00e7, Ayd\u0131n K\u00f6y\u00fc Muhtar\u0131 Mehmet Asmakaya ve Tekke K\u00f6y\u00fc Muhtar\u0131 Erol Sar\u0131kaya, \u0130GM \u00fcyeleri Ali Diren, Mehmet Avc\u0131 ve Mahmut Akkaya\u2019y\u0131 ziyaret etti. Ger\u00e7ekle\u015ftirilen ziyarette k\u00f6ylerin&#8230;<\/p>\n","protected":false},"author":1,"featured_media":67350,"comment_status":"open","ping_status":"open","sticky":false,"template":"","format":"standard","meta":{"_crdt_document":"","footnotes":""},"categories":[1],"tags":[],"class_list":["post-67349","post","type-post","status-publish","format-standard","has-post-thumbnail","hentry","category-guncel"],"_links":{"self":[{"href":"https:\/\/www.egemtv.com\/index.php?rest_route=\/wp\/v2\/posts\/67349","targetHints":{"allow":["GET"]}}],"collection":[{"href":"https:\/\/www.egemtv.com\/index.php?rest_route=\/wp\/v2\/posts"}],"about":[{"href":"https:\/\/www.egemtv.com\/index.php?rest_route=\/wp\/v2\/types\/post"}],"author":[{"embeddable":true,"href":"https:\/\/www.egemtv.com\/index.php?rest_route=\/wp\/v2\/users\/1"}],"replies":[{"embeddable":true,"href":"https:\/\/www.egemtv.com\/index.php?rest_route=%2Fwp%2Fv2%2Fcomments&post=67349"}],"version-history":[{"count":1,"href":"https:\/\/www.egemtv.com\/index.php?rest_route=\/wp\/v2\/posts\/67349\/revisions"}],"predecessor-version":[{"id":67351,"href":"https:\/\/www.egemtv.com\/index.php?rest_route=\/wp\/v2\/posts\/67349\/revisions\/67351"}],"wp:featuredmedia":[{"embeddable":true,"href":"https:\/\/www.egemtv.com\/index.php?rest_route=\/wp\/v2\/media\/67350"}],"wp:attachment":[{"href":"https:\/\/www.egemtv.com\/index.php?rest_route=%2Fwp%2Fv2%2Fmedia&parent=67349"}],"wp:term":[{"taxonomy":"category","embeddable":true,"href":"https:\/\/www.egemtv.com\/index.php?rest_route=%2Fwp%2Fv2%2Fcategories&post=67349"},{"taxonomy":"post_tag","embeddable":true,"href":"https:\/\/www.egemtv.com\/index.php?rest_route=%2Fwp%2Fv2%2Ftags&post=67349"}],"curies":[{"name":"wp","href":"https:\/\/api.w.org\/{rel}","templated":true}]}}