{"id":67346,"date":"2025-11-12T12:54:51","date_gmt":"2025-11-12T09:54:51","guid":{"rendered":"https:\/\/www.egemtv.com\/?p=67346"},"modified":"2025-11-12T12:54:52","modified_gmt":"2025-11-12T09:54:52","slug":"aydina-yeni-bir-tren-gari-yapiliyor","status":"publish","type":"post","link":"https:\/\/www.egemtv.com\/?p=67346","title":{"rendered":"Ayd\u0131n\u2019a yeni bir tren gar\u0131 yap\u0131l\u0131yor"},"content":{"rendered":"<p>Ayd\u0131n\u2019\u0131n Germencik il\u00e7esine ba\u011fl\u0131 Ne\u015fetiye Mahallesi\u2019ne tren gar\u0131 yap\u0131lmaya ba\u015fland\u0131. Ne\u015fetiye mahallesi sakinleri trene binmek i\u00e7in Germencik ve Ortaklar\u2019a gitmek zorunda kalmayacak.<\/p>\n<p>Ne\u015fetiye Mahalle Muhtar\u0131 Murat Halito\u011flu, 8 ay \u00f6nce \u0130zmir Devlet Demir Yollar\u0131 3. B\u00f6lge M\u00fcd\u00fcrl\u00fc\u011f\u00fc\u2019ne gidip mahallesinde trenlerin durmas\u0131n\u0131 istedi. Muhtar Halito\u011flu\u2019nun talebine \u0130zmir Devlet Demir Yollar\u0131 3. B\u00f6lge M\u00fcd\u00fcrl\u00fc\u011f\u00fc\u2019nden olumlu yan\u0131t geldi. Y\u0131llar \u00f6nce trenin durdu\u011fu ama daha sonra yolcu al\u0131m\u0131n\u0131n sonland\u0131r\u0131ld\u0131\u011f\u0131 Ne\u015fetiye Mahallesi\u2019ne yeni bir gar yap\u0131lmaya ba\u015fland\u0131. Gar\u0131n 80 metre uzunlu\u011funda ve 3 metre geni\u015fli\u011finde trenlerin yolcu indirip bindirece\u011fi \u015fekilde yap\u0131lmaya ba\u015fland\u0131.<\/p>\n<p>Mahallesine yap\u0131lacak gar\u0131n ula\u015f\u0131mda b\u00fcy\u00fck bir kolayl\u0131k sa\u011flayaca\u011f\u0131n\u0131 kaydeden Muhtar Halito\u011flu, &#8220;\u00dc\u00e7 ay \u00f6nce \u0130zmir Devlet Demir Yollar\u0131 3. B\u00f6lge M\u00fcd\u00fcrl\u00fc\u011f\u00fc\u2019ne mahallemizde trenin durmas\u0131 i\u00e7in ba\u015fvurdum. Mahallemiz Ortaklar\u2019a 3 kilometre, Germencik il\u00e7esine 5 km uzakl\u0131kta. Mahalle sakinlerimiz il merkezine, \u0130zmir veya Denizli\u2019ye gitmek istediklerinde iki minib\u00fcs ile Germencik il\u00e7esine veya Ortaklar Mahallesi\u2019ne gidiyor. Mahallemize, Devlet Demiryollar\u0131 taraf\u0131ndan gar yap\u0131m\u0131na ba\u015fland\u0131. Art\u0131k \u00f6\u011frenciler, hastalar, \u00e7al\u0131\u015fanlar ve vatanda\u015flar\u0131m\u0131z mahallemizde trene binip istedikleri yere rahat gidebilecek. Bu hizmetten dolay\u0131 b\u00fct\u00fcn yetkililere te\u015fekk\u00fcr ederim&#8221; dedi.<\/p>\n<p>Ne\u015fetiye mahallesinde do\u011fup b\u00fcy\u00fcyen 72 ya\u015f\u0131ndaki Mahmut K\u00fc\u00e7\u00fck, &#8220;\u00c7ok eskiden yani benim \u00e7ocuklu\u011fumda tren duruyordu burada. Sonra kald\u0131r\u0131ld\u0131. Bizim k\u00f6y\u00fcm\u00fcz \u00e7ok g\u00f6\u00e7 ald\u0131. Mahallemizin n\u00fcfusu baya\u011f\u0131 artt\u0131. Yol paralar\u0131 \u00e7ok pahal\u0131. Burada trenin durmas\u0131 \u00e7ok g\u00fczel bir \u015fey. Sa\u011f olsun muhtar\u0131m\u0131z bu i\u015f i\u00e7in baya\u011f\u0131 u\u011fra\u015ft\u0131. Bu hizmeti buraya getiren herkese te\u015fekk\u00fcr ederiz&#8221; diye konu\u015ftu.<\/p>\n<p>Mahallelerine \u00e7ok g\u00fczel bir hizmetin kazand\u0131r\u0131ld\u0131\u011f\u0131n\u0131 kaydeden Vahap Aydemir, &#8220;Trene binmek i\u00e7in ya Ortaklar\u2019a ya da Germencik il\u00e7esine gidiyorduk. Buradan oraya gitmek i\u00e7in minib\u00fcs paras\u0131 \u00f6d\u00fcyorduk. \u015eimdi bu gar yap\u0131l\u0131rsa art\u0131k minib\u00fcs paras\u0131 vermeyece\u011fiz. Buradan binip istedi\u011fimiz yere daha k\u0131sa s\u00fcrede gidebilece\u011fiz. Allah raz\u0131 olsun muhtar\u0131m\u0131zdan ve b\u00fcy\u00fcklerimizden.&#8221; diyerek yap\u0131lan hizmetten duydu\u011fu memnuniyeti dile getirdi.<br \/>\n<br \/>Ne\u015fetiye mahallesindeki tren gar\u0131n\u0131n en k\u0131sa s\u00fcrede yap\u0131l\u0131p vatanda\u015flar\u0131n hizmetine a\u00e7\u0131lmas\u0131 bekleniyor.<br \/><\/p>\n","protected":false},"excerpt":{"rendered":"<p>Ayd\u0131n\u2019\u0131n Germencik il\u00e7esine ba\u011fl\u0131 Ne\u015fetiye Mahallesi\u2019ne tren gar\u0131 yap\u0131lmaya ba\u015fland\u0131. Ne\u015fetiye mahallesi sakinleri trene binmek i\u00e7in Germencik ve Ortaklar\u2019a gitmek zorunda kalmayacak. Ne\u015fetiye Mahalle Muhtar\u0131 Murat Halito\u011flu, 8 ay \u00f6nce \u0130zmir Devlet Demir Yollar\u0131 3. B\u00f6lge M\u00fcd\u00fcrl\u00fc\u011f\u00fc\u2019ne gidip mahallesinde trenlerin durmas\u0131n\u0131 istedi. Muhtar Halito\u011flu\u2019nun talebine \u0130zmir Devlet Demir Yollar\u0131 3. B\u00f6lge M\u00fcd\u00fcrl\u00fc\u011f\u00fc\u2019nden olumlu yan\u0131t geldi&#8230;.<\/p>\n","protected":false},"author":1,"featured_media":67347,"comment_status":"open","ping_status":"open","sticky":false,"template":"","format":"standard","meta":{"_crdt_document":"","footnotes":""},"categories":[1],"tags":[],"class_list":["post-67346","post","type-post","status-publish","format-standard","has-post-thumbnail","hentry","category-guncel"],"_links":{"self":[{"href":"https:\/\/www.egemtv.com\/index.php?rest_route=\/wp\/v2\/posts\/67346","targetHints":{"allow":["GET"]}}],"collection":[{"href":"https:\/\/www.egemtv.com\/index.php?rest_route=\/wp\/v2\/posts"}],"about":[{"href":"https:\/\/www.egemtv.com\/index.php?rest_route=\/wp\/v2\/types\/post"}],"author":[{"embeddable":true,"href":"https:\/\/www.egemtv.com\/index.php?rest_route=\/wp\/v2\/users\/1"}],"replies":[{"embeddable":true,"href":"https:\/\/www.egemtv.com\/index.php?rest_route=%2Fwp%2Fv2%2Fcomments&post=67346"}],"version-history":[{"count":1,"href":"https:\/\/www.egemtv.com\/index.php?rest_route=\/wp\/v2\/posts\/67346\/revisions"}],"predecessor-version":[{"id":67348,"href":"https:\/\/www.egemtv.com\/index.php?rest_route=\/wp\/v2\/posts\/67346\/revisions\/67348"}],"wp:featuredmedia":[{"embeddable":true,"href":"https:\/\/www.egemtv.com\/index.php?rest_route=\/wp\/v2\/media\/67347"}],"wp:attachment":[{"href":"https:\/\/www.egemtv.com\/index.php?rest_route=%2Fwp%2Fv2%2Fmedia&parent=67346"}],"wp:term":[{"taxonomy":"category","embeddable":true,"href":"https:\/\/www.egemtv.com\/index.php?rest_route=%2Fwp%2Fv2%2Fcategories&post=67346"},{"taxonomy":"post_tag","embeddable":true,"href":"https:\/\/www.egemtv.com\/index.php?rest_route=%2Fwp%2Fv2%2Ftags&post=67346"}],"curies":[{"name":"wp","href":"https:\/\/api.w.org\/{rel}","templated":true}]}}