{"id":67340,"date":"2025-11-12T12:34:41","date_gmt":"2025-11-12T09:34:41","guid":{"rendered":"https:\/\/www.egemtv.com\/?p=67340"},"modified":"2025-11-12T12:34:42","modified_gmt":"2025-11-12T09:34:42","slug":"somaspordan-pfdkya-sevk-edilen-futbolculariyla-ilgili-aciklama","status":"publish","type":"post","link":"https:\/\/www.egemtv.com\/?p=67340","title":{"rendered":"Somaspor\u2019dan, PFDK\u2019ya sevk edilen futbolcular\u0131yla ilgili a\u00e7\u0131klama"},"content":{"rendered":"<p>Nesine 2. Lig K\u0131rm\u0131z\u0131 Grup ekiplerinden Somaspor, T\u00fcrkiye Futbol Federasyonu (TFF) taraf\u0131ndan y\u00fcr\u00fct\u00fclen bahis soru\u015fturmas\u0131 kapsam\u0131nda baz\u0131 futbolcular\u0131n\u0131n Profesyonel Futbol Disiplin Kurulu\u2019na (PFDK) sevk edildi\u011fine ili\u015fkin bilginin kul\u00fcbe ula\u015ft\u0131\u011f\u0131 duyuruldu.<br \/>\n<br \/>2. Lig K\u0131rm\u0131z\u0131 Grup tak\u0131mlar\u0131ndan Somaspor, sosyal medya hesaplar\u0131ndan, TFF taraf\u0131ndan y\u00fcr\u00fct\u00fclen bahis soru\u015fturmas\u0131 hakk\u0131nda a\u00e7\u0131klama yapt\u0131. Federasyon nezdindeki s\u00fcrecin yak\u0131ndan takip edildi\u011fi belirtilen a\u00e7\u0131klamada, resmi belgelerin kul\u00fcb\u00fcn hukuk birimi taraf\u0131ndan detayl\u0131 bi\u00e7imde de\u011ferlendirildi\u011fi aktar\u0131l\u0131rken, s\u00fcrecin T\u00fcrk futbolunun etik de\u011ferlerine uygun ve \u015feffaf \u015fekilde y\u00fcr\u00fct\u00fclmesinin \u00f6nemine dikkat \u00e7ekildi.<br \/>\n<br \/>A\u00e7\u0131klaman\u0131n devam\u0131nda, &#8220;\u00d6nceli\u011fimiz; sporcular\u0131m\u0131z\u0131n ki\u015fisel haklar\u0131n\u0131n korunmas\u0131, kurum itibar\u0131m\u0131z\u0131n zedelenmemesi ve s\u00fcrecin hukuki prensipler do\u011frultusunda s\u00fcrd\u00fcr\u00fclmesidir. Bu kapsamda hi\u00e7bir ki\u015fi veya kurum hakk\u0131nda pe\u015fin h\u00fck\u00fcm verilmeden, objektif \u015fekilde hareket edilmektedir&#8221; denildi.<br \/>\n<br \/>Somaspor ayr\u0131ca soru\u015fturma s\u00fcrecine ili\u015fkin geli\u015fmelerin yaln\u0131zca do\u011frulu\u011fu teyit edilmi\u015f bilgiler \u00fczerinden, resmi kanallar arac\u0131l\u0131\u011f\u0131yla kamuoyu ile payla\u015f\u0131laca\u011f\u0131n\u0131 kaydetti.<br \/><\/p>\n","protected":false},"excerpt":{"rendered":"<p>Nesine 2. Lig K\u0131rm\u0131z\u0131 Grup ekiplerinden Somaspor, T\u00fcrkiye Futbol Federasyonu (TFF) taraf\u0131ndan y\u00fcr\u00fct\u00fclen bahis soru\u015fturmas\u0131 kapsam\u0131nda baz\u0131 futbolcular\u0131n\u0131n Profesyonel Futbol Disiplin Kurulu\u2019na (PFDK) sevk edildi\u011fine ili\u015fkin bilginin kul\u00fcbe ula\u015ft\u0131\u011f\u0131 duyuruldu. 2. Lig K\u0131rm\u0131z\u0131 Grup tak\u0131mlar\u0131ndan Somaspor, sosyal medya hesaplar\u0131ndan, TFF taraf\u0131ndan y\u00fcr\u00fct\u00fclen bahis soru\u015fturmas\u0131 hakk\u0131nda a\u00e7\u0131klama yapt\u0131. Federasyon nezdindeki s\u00fcrecin yak\u0131ndan takip edildi\u011fi belirtilen a\u00e7\u0131klamada,&#8230;<\/p>\n","protected":false},"author":1,"featured_media":67341,"comment_status":"open","ping_status":"open","sticky":false,"template":"","format":"standard","meta":{"_crdt_document":"","footnotes":""},"categories":[4],"tags":[],"class_list":["post-67340","post","type-post","status-publish","format-standard","has-post-thumbnail","hentry","category-spor"],"_links":{"self":[{"href":"https:\/\/www.egemtv.com\/index.php?rest_route=\/wp\/v2\/posts\/67340","targetHints":{"allow":["GET"]}}],"collection":[{"href":"https:\/\/www.egemtv.com\/index.php?rest_route=\/wp\/v2\/posts"}],"about":[{"href":"https:\/\/www.egemtv.com\/index.php?rest_route=\/wp\/v2\/types\/post"}],"author":[{"embeddable":true,"href":"https:\/\/www.egemtv.com\/index.php?rest_route=\/wp\/v2\/users\/1"}],"replies":[{"embeddable":true,"href":"https:\/\/www.egemtv.com\/index.php?rest_route=%2Fwp%2Fv2%2Fcomments&post=67340"}],"version-history":[{"count":1,"href":"https:\/\/www.egemtv.com\/index.php?rest_route=\/wp\/v2\/posts\/67340\/revisions"}],"predecessor-version":[{"id":67342,"href":"https:\/\/www.egemtv.com\/index.php?rest_route=\/wp\/v2\/posts\/67340\/revisions\/67342"}],"wp:featuredmedia":[{"embeddable":true,"href":"https:\/\/www.egemtv.com\/index.php?rest_route=\/wp\/v2\/media\/67341"}],"wp:attachment":[{"href":"https:\/\/www.egemtv.com\/index.php?rest_route=%2Fwp%2Fv2%2Fmedia&parent=67340"}],"wp:term":[{"taxonomy":"category","embeddable":true,"href":"https:\/\/www.egemtv.com\/index.php?rest_route=%2Fwp%2Fv2%2Fcategories&post=67340"},{"taxonomy":"post_tag","embeddable":true,"href":"https:\/\/www.egemtv.com\/index.php?rest_route=%2Fwp%2Fv2%2Ftags&post=67340"}],"curies":[{"name":"wp","href":"https:\/\/api.w.org\/{rel}","templated":true}]}}