{"id":67337,"date":"2025-11-12T12:34:40","date_gmt":"2025-11-12T09:34:40","guid":{"rendered":"https:\/\/www.egemtv.com\/?p=67337"},"modified":"2025-11-12T12:34:41","modified_gmt":"2025-11-12T09:34:41","slug":"genel-mudur-yildirim-denizli-ceza-infaz-kurumlari-yerleskesini-ziyaret-etti","status":"publish","type":"post","link":"https:\/\/www.egemtv.com\/?p=67337","title":{"rendered":"Genel M\u00fcd\u00fcr Y\u0131ld\u0131r\u0131m, Denizli Ceza \u0130nfaz Kurumlar\u0131 Yerle\u015fkesini ziyaret etti"},"content":{"rendered":"<p>Ceza ve Tevkifevleri Genel M\u00fcd\u00fcr\u00fc Enis Yavuz Y\u0131ld\u0131r\u0131m ve beraberindeki heyetle beraber Denizli Ceza \u0130nfaz Kurumlar\u0131 Yerle\u015fkesini ziyarette bulundu.<br \/>\n<br \/>Ceza ve Tevkifevleri Genel M\u00fcd\u00fcr\u00fc Enis Yavuz Y\u0131ld\u0131r\u0131m ve beraberindeki heyetle beraber Denizli Ceza \u0130nfaz Kurumlar\u0131 Yerle\u015fkesini ziyarette etti. Ziyaretlerde kurum y\u00f6neticileri ve personelle bir araya gelen  Ceza ve Tevkifevleri Genel M\u00fcd\u00fcr\u00fc Yavuz Y\u0131ld\u0131r\u0131m kurumlarda ger\u00e7ekle\u015ftirilen \u00e7al\u0131\u015fmalar\u0131 yerinde inceleyerek bilgi ald\u0131.<br \/><\/p>\n","protected":false},"excerpt":{"rendered":"<p>Ceza ve Tevkifevleri Genel M\u00fcd\u00fcr\u00fc Enis Yavuz Y\u0131ld\u0131r\u0131m ve beraberindeki heyetle beraber Denizli Ceza \u0130nfaz Kurumlar\u0131 Yerle\u015fkesini ziyarette bulundu. Ceza ve Tevkifevleri Genel M\u00fcd\u00fcr\u00fc Enis Yavuz Y\u0131ld\u0131r\u0131m ve beraberindeki heyetle beraber Denizli Ceza \u0130nfaz Kurumlar\u0131 Yerle\u015fkesini ziyarette etti. Ziyaretlerde kurum y\u00f6neticileri ve personelle bir araya gelen Ceza ve Tevkifevleri Genel M\u00fcd\u00fcr\u00fc Yavuz Y\u0131ld\u0131r\u0131m kurumlarda ger\u00e7ekle\u015ftirilen&#8230;<\/p>\n","protected":false},"author":1,"featured_media":67338,"comment_status":"open","ping_status":"open","sticky":false,"template":"","format":"standard","meta":{"_crdt_document":"","footnotes":""},"categories":[5],"tags":[],"class_list":["post-67337","post","type-post","status-publish","format-standard","has-post-thumbnail","hentry","category-asayis"],"_links":{"self":[{"href":"https:\/\/www.egemtv.com\/index.php?rest_route=\/wp\/v2\/posts\/67337","targetHints":{"allow":["GET"]}}],"collection":[{"href":"https:\/\/www.egemtv.com\/index.php?rest_route=\/wp\/v2\/posts"}],"about":[{"href":"https:\/\/www.egemtv.com\/index.php?rest_route=\/wp\/v2\/types\/post"}],"author":[{"embeddable":true,"href":"https:\/\/www.egemtv.com\/index.php?rest_route=\/wp\/v2\/users\/1"}],"replies":[{"embeddable":true,"href":"https:\/\/www.egemtv.com\/index.php?rest_route=%2Fwp%2Fv2%2Fcomments&post=67337"}],"version-history":[{"count":1,"href":"https:\/\/www.egemtv.com\/index.php?rest_route=\/wp\/v2\/posts\/67337\/revisions"}],"predecessor-version":[{"id":67339,"href":"https:\/\/www.egemtv.com\/index.php?rest_route=\/wp\/v2\/posts\/67337\/revisions\/67339"}],"wp:featuredmedia":[{"embeddable":true,"href":"https:\/\/www.egemtv.com\/index.php?rest_route=\/wp\/v2\/media\/67338"}],"wp:attachment":[{"href":"https:\/\/www.egemtv.com\/index.php?rest_route=%2Fwp%2Fv2%2Fmedia&parent=67337"}],"wp:term":[{"taxonomy":"category","embeddable":true,"href":"https:\/\/www.egemtv.com\/index.php?rest_route=%2Fwp%2Fv2%2Fcategories&post=67337"},{"taxonomy":"post_tag","embeddable":true,"href":"https:\/\/www.egemtv.com\/index.php?rest_route=%2Fwp%2Fv2%2Ftags&post=67337"}],"curies":[{"name":"wp","href":"https:\/\/api.w.org\/{rel}","templated":true}]}}