{"id":67334,"date":"2025-11-12T12:34:40","date_gmt":"2025-11-12T09:34:40","guid":{"rendered":"https:\/\/www.egemtv.com\/?p=67334"},"modified":"2025-11-12T12:34:40","modified_gmt":"2025-11-12T09:34:40","slug":"baskan-erdogan-sehitler-icin-taziye-mesaji-yayimladi","status":"publish","type":"post","link":"https:\/\/www.egemtv.com\/?p=67334","title":{"rendered":"Ba\u015fkan Erdo\u011fan \u015fehitler i\u00e7in taziye mesaj\u0131 yay\u0131mlad\u0131"},"content":{"rendered":"<p>T\u00fcrk Silahl\u0131 Kuvvetlerine (TSK) ait askeri kargo u\u00e7a\u011f\u0131n\u0131n d\u00fc\u015fmesi sonucu \u015fehit olan askerler i\u00e7in Denizli Ticaret Odas\u0131 Ba\u015fkan\u0131 U\u011fur Erdo\u011fan taziye mesaj\u0131 yay\u0131mlad\u0131.<br \/>\n<br \/>Azerbaycan\u2019dan T\u00fcrkiye\u2019ye d\u00f6nmek \u00fczere havalanan C-130 askeri karg\u0131 u\u00e7a\u011f\u0131n\u0131n G\u00fcrcistan -Azerbaycan s\u0131n\u0131r\u0131nda d\u00fc\u015fmesi sonucu 20 asker \u015fehit oldu. \u015eehit olan askerler i\u00e7in Denizli Ticaret Odas\u0131 (DTO) Ba\u015fkan\u0131 U\u011fur Erdo\u011fan taziye mesaj\u0131 yay\u0131mlad\u0131. Ba\u015fkan Erdo\u011fan mesaj\u0131nda, &#8220;Karde\u015f \u00fclke Azerbaycan\u2019dan havalanan ve T\u00fcrkiye\u2019ye d\u00f6n\u00fc\u015fte G\u00fcrcistan\u2019da d\u00fc\u015fen Milli Savunma Bakanl\u0131\u011f\u0131\u2019m\u0131z\u0131n kargo u\u00e7a\u011f\u0131nda \u015fehit olan kahraman askerlerimize Allah\u2019tan rahmet, aziz milletimize ve \u015fehitlerimizin yak\u0131nlar\u0131na ise ba\u015fsa\u011fl\u0131\u011f\u0131 diliyoruz&#8221; ifadeleri yer ald\u0131.<br \/><\/p>\n","protected":false},"excerpt":{"rendered":"<p>T\u00fcrk Silahl\u0131 Kuvvetlerine (TSK) ait askeri kargo u\u00e7a\u011f\u0131n\u0131n d\u00fc\u015fmesi sonucu \u015fehit olan askerler i\u00e7in Denizli Ticaret Odas\u0131 Ba\u015fkan\u0131 U\u011fur Erdo\u011fan taziye mesaj\u0131 yay\u0131mlad\u0131. Azerbaycan\u2019dan T\u00fcrkiye\u2019ye d\u00f6nmek \u00fczere havalanan C-130 askeri karg\u0131 u\u00e7a\u011f\u0131n\u0131n G\u00fcrcistan -Azerbaycan s\u0131n\u0131r\u0131nda d\u00fc\u015fmesi sonucu 20 asker \u015fehit oldu. \u015eehit olan askerler i\u00e7in Denizli Ticaret Odas\u0131 (DTO) Ba\u015fkan\u0131 U\u011fur Erdo\u011fan taziye mesaj\u0131 yay\u0131mlad\u0131&#8230;.<\/p>\n","protected":false},"author":1,"featured_media":67335,"comment_status":"open","ping_status":"open","sticky":false,"template":"","format":"standard","meta":{"_crdt_document":"","footnotes":""},"categories":[127],"tags":[],"class_list":["post-67334","post","type-post","status-publish","format-standard","has-post-thumbnail","hentry","category-siyaset"],"_links":{"self":[{"href":"https:\/\/www.egemtv.com\/index.php?rest_route=\/wp\/v2\/posts\/67334","targetHints":{"allow":["GET"]}}],"collection":[{"href":"https:\/\/www.egemtv.com\/index.php?rest_route=\/wp\/v2\/posts"}],"about":[{"href":"https:\/\/www.egemtv.com\/index.php?rest_route=\/wp\/v2\/types\/post"}],"author":[{"embeddable":true,"href":"https:\/\/www.egemtv.com\/index.php?rest_route=\/wp\/v2\/users\/1"}],"replies":[{"embeddable":true,"href":"https:\/\/www.egemtv.com\/index.php?rest_route=%2Fwp%2Fv2%2Fcomments&post=67334"}],"version-history":[{"count":1,"href":"https:\/\/www.egemtv.com\/index.php?rest_route=\/wp\/v2\/posts\/67334\/revisions"}],"predecessor-version":[{"id":67336,"href":"https:\/\/www.egemtv.com\/index.php?rest_route=\/wp\/v2\/posts\/67334\/revisions\/67336"}],"wp:featuredmedia":[{"embeddable":true,"href":"https:\/\/www.egemtv.com\/index.php?rest_route=\/wp\/v2\/media\/67335"}],"wp:attachment":[{"href":"https:\/\/www.egemtv.com\/index.php?rest_route=%2Fwp%2Fv2%2Fmedia&parent=67334"}],"wp:term":[{"taxonomy":"category","embeddable":true,"href":"https:\/\/www.egemtv.com\/index.php?rest_route=%2Fwp%2Fv2%2Fcategories&post=67334"},{"taxonomy":"post_tag","embeddable":true,"href":"https:\/\/www.egemtv.com\/index.php?rest_route=%2Fwp%2Fv2%2Ftags&post=67334"}],"curies":[{"name":"wp","href":"https:\/\/api.w.org\/{rel}","templated":true}]}}