{"id":67328,"date":"2025-11-12T11:54:52","date_gmt":"2025-11-12T08:54:52","guid":{"rendered":"https:\/\/www.egemtv.com\/?p=67328"},"modified":"2025-11-12T11:54:53","modified_gmt":"2025-11-12T08:54:53","slug":"sokenin-tarihi-koca-camiinde-yenileme-calismasi","status":"publish","type":"post","link":"https:\/\/www.egemtv.com\/?p=67328","title":{"rendered":"S\u00f6ke\u2019nin Tarihi Koca Camii\u2019nde yenileme \u00e7al\u0131\u015fmas\u0131"},"content":{"rendered":"<p>S\u00f6ke\u2019nin merkezinde yer alan tarihi \u0130lyas Bey (Koca) Camii\u2019nde bak\u0131m ve yenileme \u00e7al\u0131\u015fmalar\u0131 yap\u0131l\u0131yor.<\/p>\n<p>S\u00f6ke \u0130l\u00e7e M\u00fcft\u00fcs\u00fc H\u00fcseyin Taner ve S\u00f6ke Din G\u00f6revlileri Derne\u011fi Ba\u015fkan\u0131 Haf\u0131z Keramettin Temiz\u2019in giri\u015fimleriyle ve  hay\u0131rseverlerin \u00f6nemli katk\u0131lar\u0131yla caminin ah\u015fap pencere do\u011framalar\u0131 yenilendi.<\/p>\n<p>Y\u00fcr\u00fct\u00fclen \u00e7al\u0131\u015fma kapsam\u0131nda tarihi camideki toplam 12 adet ah\u015fap do\u011frama pencere tamamen de\u011fi\u015ftirildi. Tarihi dokuya uygun yap\u0131lan yeni do\u011framalar\u0131n imalat ve montaj i\u015f\u00e7ili\u011fi ise S\u00f6ke\u2019nin \u00f6nde gelen esnaflar\u0131ndan marangoz ustas\u0131 Ahmet Polat taraf\u0131ndan \u00f6zenle ger\u00e7ekle\u015ftirildi.<\/p>\n<p>Edinilen bilgiye g\u00f6re, il\u00e7e merkezinde bulunan cami ve benzeri ibadethanelerde de benzer bak\u0131m ve yenileme \u00e7al\u0131\u015fmalar\u0131n\u0131n s\u00fcrd\u00fc\u011f\u00fc, bu \u00e7al\u0131\u015fmalar\u0131n imkanlar dahilinde devam edece\u011fi \u00f6\u011frenildi.<br \/><\/p>\n","protected":false},"excerpt":{"rendered":"<p>S\u00f6ke\u2019nin merkezinde yer alan tarihi \u0130lyas Bey (Koca) Camii\u2019nde bak\u0131m ve yenileme \u00e7al\u0131\u015fmalar\u0131 yap\u0131l\u0131yor. S\u00f6ke \u0130l\u00e7e M\u00fcft\u00fcs\u00fc H\u00fcseyin Taner ve S\u00f6ke Din G\u00f6revlileri Derne\u011fi Ba\u015fkan\u0131 Haf\u0131z Keramettin Temiz\u2019in giri\u015fimleriyle ve hay\u0131rseverlerin \u00f6nemli katk\u0131lar\u0131yla caminin ah\u015fap pencere do\u011framalar\u0131 yenilendi. Y\u00fcr\u00fct\u00fclen \u00e7al\u0131\u015fma kapsam\u0131nda tarihi camideki toplam 12 adet ah\u015fap do\u011frama pencere tamamen de\u011fi\u015ftirildi. Tarihi dokuya uygun yap\u0131lan&#8230;<\/p>\n","protected":false},"author":1,"featured_media":67329,"comment_status":"open","ping_status":"open","sticky":false,"template":"","format":"standard","meta":{"_crdt_document":"","footnotes":""},"categories":[1],"tags":[],"class_list":["post-67328","post","type-post","status-publish","format-standard","has-post-thumbnail","hentry","category-guncel"],"_links":{"self":[{"href":"https:\/\/www.egemtv.com\/index.php?rest_route=\/wp\/v2\/posts\/67328","targetHints":{"allow":["GET"]}}],"collection":[{"href":"https:\/\/www.egemtv.com\/index.php?rest_route=\/wp\/v2\/posts"}],"about":[{"href":"https:\/\/www.egemtv.com\/index.php?rest_route=\/wp\/v2\/types\/post"}],"author":[{"embeddable":true,"href":"https:\/\/www.egemtv.com\/index.php?rest_route=\/wp\/v2\/users\/1"}],"replies":[{"embeddable":true,"href":"https:\/\/www.egemtv.com\/index.php?rest_route=%2Fwp%2Fv2%2Fcomments&post=67328"}],"version-history":[{"count":1,"href":"https:\/\/www.egemtv.com\/index.php?rest_route=\/wp\/v2\/posts\/67328\/revisions"}],"predecessor-version":[{"id":67330,"href":"https:\/\/www.egemtv.com\/index.php?rest_route=\/wp\/v2\/posts\/67328\/revisions\/67330"}],"wp:featuredmedia":[{"embeddable":true,"href":"https:\/\/www.egemtv.com\/index.php?rest_route=\/wp\/v2\/media\/67329"}],"wp:attachment":[{"href":"https:\/\/www.egemtv.com\/index.php?rest_route=%2Fwp%2Fv2%2Fmedia&parent=67328"}],"wp:term":[{"taxonomy":"category","embeddable":true,"href":"https:\/\/www.egemtv.com\/index.php?rest_route=%2Fwp%2Fv2%2Fcategories&post=67328"},{"taxonomy":"post_tag","embeddable":true,"href":"https:\/\/www.egemtv.com\/index.php?rest_route=%2Fwp%2Fv2%2Ftags&post=67328"}],"curies":[{"name":"wp","href":"https:\/\/api.w.org\/{rel}","templated":true}]}}