{"id":67325,"date":"2025-11-12T11:54:51","date_gmt":"2025-11-12T08:54:51","guid":{"rendered":"https:\/\/www.egemtv.com\/?p=67325"},"modified":"2025-11-12T11:54:52","modified_gmt":"2025-11-12T08:54:52","slug":"cinedeki-hirsizlik-olayi-suphelileri-yakalandi-14-gozalti","status":"publish","type":"post","link":"https:\/\/www.egemtv.com\/?p=67325","title":{"rendered":"\u00c7ine\u2019deki h\u0131rs\u0131zl\u0131k olay\u0131 \u015f\u00fcphelileri yakaland\u0131: 14 g\u00f6zalt\u0131"},"content":{"rendered":"<p>Ayd\u0131n\u2019\u0131n \u00c7ine il\u00e7esindeki bir maden i\u015fletmesinde meydana gelen h\u0131rs\u0131zl\u0131k olay\u0131 ile ilgili yap\u0131lan \u00e7al\u0131\u015fma kapsam\u0131nda 3\u2019\u00fc Ayd\u0131n\u2019da 11\u2019i Denizli\u2019de olmak \u00fczere toplam 14 \u015f\u00fcpheli yakalanarak g\u00f6zalt\u0131na al\u0131nd\u0131.<\/p>\n<p>Olay, ge\u00e7ti\u011fimiz g\u00fcnlerde Yolboyu Mahallesi\u2019nde faaliyet g\u00f6steren bir maden i\u015fletmesinde meydana geldi. Edinilen bilgiye g\u00f6re maden i\u015fletmesinde kimli\u011fi belirsiz ki\u015fi ya da ki\u015filerce kasa h\u0131rs\u0131zl\u0131\u011f\u0131 meydana geldi. Olay\u0131n ard\u0131ndan \u015f\u00fcphelilerin belirlenmesi i\u00e7in \u00e7al\u0131\u015fma ba\u015flat\u0131ld\u0131. Konuyla ilgili kamera g\u00f6r\u00fcnt\u00fcleri ve dijital materyalleri inceleyen jandarma ekipleri, olaya kar\u0131\u015fan \u015fah\u0131slar\u0131 tespit etti. Operasyon i\u00e7in harekete ge\u00e7en ekipler, 3 \u015f\u00fcpheliyi Ayd\u0131n\u2019da, Denizli \u0130l Jandarma Komutanl\u0131\u011f\u0131\u2019n\u0131n i\u015fbirli\u011fiyle de 11 \u015f\u00fcpheliyi Denizli\u2019de yakalad\u0131.<br \/>\n<br \/>Yakalanarak g\u00f6zalt\u0131na al\u0131nan toplam 14 \u015f\u00fcpheli hakk\u0131nda adli i\u015flem ba\u015flat\u0131l\u0131rken, adli makamlara sevk edilen ve \u00e7e\u015fitli su\u00e7lardan kayd\u0131 bulunan 2 \u015f\u00fcpheli \u015fah\u0131s tutuklanarak cezaevine g\u00f6nderilirken, 1 \u015f\u00fcpheli hakk\u0131nda adli kontrol karar\u0131 verildi.<br \/><\/p>\n","protected":false},"excerpt":{"rendered":"<p>Ayd\u0131n\u2019\u0131n \u00c7ine il\u00e7esindeki bir maden i\u015fletmesinde meydana gelen h\u0131rs\u0131zl\u0131k olay\u0131 ile ilgili yap\u0131lan \u00e7al\u0131\u015fma kapsam\u0131nda 3\u2019\u00fc Ayd\u0131n\u2019da 11\u2019i Denizli\u2019de olmak \u00fczere toplam 14 \u015f\u00fcpheli yakalanarak g\u00f6zalt\u0131na al\u0131nd\u0131. Olay, ge\u00e7ti\u011fimiz g\u00fcnlerde Yolboyu Mahallesi\u2019nde faaliyet g\u00f6steren bir maden i\u015fletmesinde meydana geldi. Edinilen bilgiye g\u00f6re maden i\u015fletmesinde kimli\u011fi belirsiz ki\u015fi ya da ki\u015filerce kasa h\u0131rs\u0131zl\u0131\u011f\u0131 meydana geldi. Olay\u0131n&#8230;<\/p>\n","protected":false},"author":1,"featured_media":67326,"comment_status":"open","ping_status":"open","sticky":false,"template":"","format":"standard","meta":{"_crdt_document":"","footnotes":""},"categories":[5],"tags":[],"class_list":["post-67325","post","type-post","status-publish","format-standard","has-post-thumbnail","hentry","category-asayis"],"_links":{"self":[{"href":"https:\/\/www.egemtv.com\/index.php?rest_route=\/wp\/v2\/posts\/67325","targetHints":{"allow":["GET"]}}],"collection":[{"href":"https:\/\/www.egemtv.com\/index.php?rest_route=\/wp\/v2\/posts"}],"about":[{"href":"https:\/\/www.egemtv.com\/index.php?rest_route=\/wp\/v2\/types\/post"}],"author":[{"embeddable":true,"href":"https:\/\/www.egemtv.com\/index.php?rest_route=\/wp\/v2\/users\/1"}],"replies":[{"embeddable":true,"href":"https:\/\/www.egemtv.com\/index.php?rest_route=%2Fwp%2Fv2%2Fcomments&post=67325"}],"version-history":[{"count":1,"href":"https:\/\/www.egemtv.com\/index.php?rest_route=\/wp\/v2\/posts\/67325\/revisions"}],"predecessor-version":[{"id":67327,"href":"https:\/\/www.egemtv.com\/index.php?rest_route=\/wp\/v2\/posts\/67325\/revisions\/67327"}],"wp:featuredmedia":[{"embeddable":true,"href":"https:\/\/www.egemtv.com\/index.php?rest_route=\/wp\/v2\/media\/67326"}],"wp:attachment":[{"href":"https:\/\/www.egemtv.com\/index.php?rest_route=%2Fwp%2Fv2%2Fmedia&parent=67325"}],"wp:term":[{"taxonomy":"category","embeddable":true,"href":"https:\/\/www.egemtv.com\/index.php?rest_route=%2Fwp%2Fv2%2Fcategories&post=67325"},{"taxonomy":"post_tag","embeddable":true,"href":"https:\/\/www.egemtv.com\/index.php?rest_route=%2Fwp%2Fv2%2Ftags&post=67325"}],"curies":[{"name":"wp","href":"https:\/\/api.w.org\/{rel}","templated":true}]}}