{"id":67319,"date":"2025-11-12T11:54:49","date_gmt":"2025-11-12T08:54:49","guid":{"rendered":"https:\/\/www.egemtv.com\/?p=67319"},"modified":"2025-11-12T11:54:50","modified_gmt":"2025-11-12T08:54:50","slug":"izmir-otogarina-haciz-islemi-baslatildi","status":"publish","type":"post","link":"https:\/\/www.egemtv.com\/?p=67319","title":{"rendered":"\u0130zmir Otogar\u0131\u2019na haciz i\u015flemi ba\u015flat\u0131ld\u0131"},"content":{"rendered":"<p>\u0130zmir B\u00fcy\u00fck\u015fehir Belediyesi, \u0130zmir Otogar\u0131\u2019n\u0131n haks\u0131z i\u015fgali nedeniyle ecrimisil bedellerinin tahsili i\u00e7in i\u015fletmeci konumundaki \u0130ZOTA\u015e\u2019a y\u00f6nelik haciz i\u015flemi ba\u015flat\u0131ld\u0131\u011f\u0131n\u0131 duyurdu. Tahliyeye ili\u015fkin tedbir karar\u0131n\u0131n kald\u0131r\u0131lmas\u0131n\u0131 takiben \u0130zmir Otogar\u0131\u2019nda yenileme ve i\u015fletme \u00e7al\u0131\u015fmalar\u0131n\u0131n da hayata ge\u00e7irilece\u011fi belirtilerek &#8220;En k\u0131sa vadede \u0130zmir\u2019in hakketti\u011fi bir terminal yap\u0131lanmas\u0131 olu\u015fturulacakt\u0131r&#8221; denildi.<br \/>\n<br \/>\u0130zmir B\u00fcy\u00fck\u015fehir Belediyesi\u2019nden yap\u0131lan a\u00e7\u0131klamada \u0130zmir Otogar\u0131 ile ilgili sorunlar\u0131n \u00e7\u00f6z\u00fcme kavu\u015fturulmas\u0131 i\u00e7in kararl\u0131 ad\u0131mlar at\u0131ld\u0131\u011f\u0131 belirtilerek, yasalar \u00e7er\u00e7evesinde gerekli giri\u015fimlerin yap\u0131ld\u0131\u011f\u0131 vurguland\u0131. \u0130zmir Otogar\u0131\u2019n\u0131n haks\u0131z i\u015fgali nedeni ile ecrimisil bedellerinin tahsili i\u00e7in mevzuat\u0131n verdi\u011fi yetki kapsam\u0131nda haciz i\u015flemleri ba\u015flat\u0131ld\u0131\u011f\u0131 belirtilen a\u00e7\u0131klamada \u015fu ifadelere yer verildi:<\/p>\n<p>&#8220;\u0130zmir B\u00fcy\u00fck\u015fehir Belediyesi olarak kentin uzun y\u0131llard\u0131r s\u00fcregelen sorunlar\u0131n\u0131 \u00e7\u00f6z\u00fcme kavu\u015fturma kararl\u0131l\u0131\u011f\u0131 \u00e7er\u00e7evesinde \u0130zmir Otogar\u0131 ile ilgili ya\u015fanan olumsuzluklar\u0131 da gidermeye y\u00f6nelik \u00e7al\u0131\u015fmalar\u0131m\u0131z\u0131 yasalar \u00e7er\u00e7evesinde s\u00fcrd\u00fcrmekteyiz. Kente giri\u015f noktalar\u0131ndan biri olan \u0130zmir Otogar\u0131\u2019n\u0131n bu anlamda \u015fehrimize yak\u0131\u015f\u0131r bir g\u00f6r\u00fcnt\u00fc arz etmedi\u011fi t\u00fcm kamuoyunun malumudur.<br \/>\n<br \/>\u0130zmir Otogar\u0131 yap-i\u015flet-devret modeli ile 1997 y\u0131l\u0131nda hayata ge\u00e7irilmi\u015f, 1999 y\u0131l\u0131nda yap\u0131lan ek s\u00f6zle\u015fme ile s\u00f6zle\u015fmenin ba\u015flang\u0131\u00e7 tarihi 1998 y\u0131l\u0131 ve s\u00f6zle\u015fme s\u00fcresi de 25 y\u0131l olarak belirlenmi\u015ftir. S\u00f6zle\u015fmeye g\u00f6re 25 y\u0131ll\u0131k s\u00fcre 14.12.2023 tarihinde sona ermi\u015f ancak yap-i\u015flet-devret s\u00f6zle\u015fmesinin taraf\u0131 olan \u0130ZOTA\u015e, pandemi d\u00f6nemini gerek\u00e7e g\u00f6stererek kullanma s\u00fcresinin 7 y\u0131l uzat\u0131lmas\u0131n\u0131 talep eden bir dava a\u00e7m\u0131\u015ft\u0131r. Mahkeme, 2023 y\u0131l\u0131nda \u0130ZOTA\u015e lehine tahliyeyi engelleyen bir tedbir karar\u0131 alm\u0131\u015ft\u0131r.<br \/>\n<br \/>31 Mart 2024 se\u00e7imlerinden hemen sonra \u0130zmir\u2019e yara\u015f\u0131r bir otogar yap\u0131s\u0131 ve i\u015fletmesinin tesisi i\u00e7in giri\u015fimlerimiz h\u0131z kazanm\u0131\u015f, \u0130zmir Otogar\u0131 \u0130zmir B\u00fcy\u00fck\u015fehir Belediyesi \u015firketlerinden \u0130ZULA\u015e A\u015e\u2019ye \u00fcst hakk\u0131 tan\u0131yarak ayni sermaye olarak verilmi\u015ftir. Yine hukuksal s\u00fcre\u00e7 titizlikle takip edilerek dava, ilk derece mahkemesinde ve istinaf s\u00fcrecinde \u0130zmir B\u00fcy\u00fck\u015fehir Belediyesi lehine sonu\u00e7lanm\u0131\u015ft\u0131r. B\u00f6ylece \u015firketin 7 y\u0131l uzatma talebi ilk derece mahkemesinde ve istinaf yarg\u0131lamas\u0131nda reddedilmi\u015ftir.<br \/>\n<br \/>Bu anlamda, belediyemizin hakl\u0131l\u0131\u011f\u0131 ve s\u00f6zle\u015fmenin bitti\u011fi istinaf ve ilk derece mahkemesi taraf\u0131ndan tespit edilmi\u015f bulunmaktad\u0131r. Ancak tahliyeyi engelleyen tedbir karar\u0131 hen\u00fcz kald\u0131r\u0131lmam\u0131\u015f \u015fekilde temyiz incelemesi devam etmektedir.<br \/>\n<br \/>Yarg\u0131laman\u0131n \u0130zmir B\u00fcy\u00fck\u015fehir Belediyesi lehine sonu\u00e7lanmas\u0131n\u0131 takiben yap-i\u015flet-devret s\u00f6zle\u015fmesinin yarg\u0131 karar\u0131 ile de 2023 y\u0131l\u0131nda sona ermi\u015f oldu\u011fu tespit edildi\u011fine istinaden 217.626 metrekarelik \u0130zmir Otogar\u0131 alan\u0131n\u0131n haks\u0131z i\u015fgali nedeniyle tahliye yap\u0131lmaks\u0131z\u0131n \u0130ZOTA\u015e\u2019tan ecrimisil talep edilmi\u015f, \u0130ZOTA\u015e taraf\u0131ndan y\u00fcr\u00fctmenin durdurulmas\u0131 talebi ile konu yeniden yarg\u0131ya ta\u015f\u0131nm\u0131\u015f ancak yerel mahkeme taraf\u0131ndan y\u00fcr\u00fctmenin durdurulmas\u0131 talebi reddedilmi\u015ftir.<br \/>\n<br \/>\u0130ZOTA\u015e yetkilileri ile t\u00fcm bu s\u00fcre\u00e7te yap\u0131lan g\u00f6r\u00fc\u015fmelerde olumlu sonu\u00e7 al\u0131namam\u0131\u015f, \u0130zmir\u2019in yarar\u0131na olacak projeler hayata ge\u00e7irilememi\u015ftir. \u0130ZOTA\u015e b\u00fcnyesinde kirac\u0131 s\u0131fat\u0131 ile mevcut olan esnaf, otob\u00fcs i\u015fletmeleri a\u00e7\u0131s\u0131ndan da belirsizli\u011fi bir nebze olsun giderebilmek amac\u0131 ile hukuk s\u0131n\u0131rlar\u0131 i\u00e7inde gerekli t\u00fcm i\u015flemler ba\u015flat\u0131lm\u0131\u015f bulunmaktad\u0131r.<br \/>\n<br \/>Bu anlamda,<br \/>\n<br \/>a. \u0130zmir B\u00fcy\u00fck\u015fehir Belediyesine ait \u0130zmir Otogar\u0131\u2019n\u0131n haks\u0131z i\u015fgali nedeni ile ecrimisil bedellerinin tahsili i\u00e7in mevzuat\u0131n verdi\u011fi yetki kapsam\u0131nda haciz i\u015flemleri yap\u0131lacakt\u0131r.<br \/>\n<br \/>b. Alaca\u011f\u0131n bu anlamdaki tahsili i\u00e7in kirac\u0131l\u0131k ve benzeri hukuki ili\u015fkideki t\u00fcm muhataplara 6183 say\u0131l\u0131 Amme Alacaklar\u0131n\u0131n Tahsil Usul\u00fc Hakk\u0131nda Kanun\u2019un ilgili maddeleri uyar\u0131nca yasal bildirimler g\u00f6nderilecektir.<br \/>\n<br \/>c. S\u00f6z konusu hukuki i\u015flemler alaca\u011f\u0131n tamam\u0131 tahsil edilinceye kadar devam edilecektir.<br \/>\n<br \/>d. Tahliyeye ili\u015fkin tedbir karar\u0131n\u0131n kald\u0131r\u0131lmas\u0131n\u0131 takiben \u0130zmir Otogar\u0131\u2019nda yenileme ve i\u015fletme \u00e7al\u0131\u015fmalar\u0131 ba\u015flat\u0131lacak, en k\u0131sa vadede \u0130zmir\u2019in hakketti\u011fi bir terminal yap\u0131lanmas\u0131 olu\u015fturulacakt\u0131r.<\/p>\n<p>Belediye, a\u00e7\u0131klamas\u0131n\u0131 &#8220;\u0130zmirlilerin taleplerinin takip\u00e7isi olaca\u011f\u0131m\u0131z\u0131, \u015fehrin her alandaki sorunlar\u0131n\u0131 \u00e7\u00f6zerek g\u00f6revimizi yerine getirece\u011fimizi kamuoyunun bilgisine sayg\u0131yla sunar\u0131z&#8221; ifadeleriyle tamamlad\u0131.<br \/><\/p>\n","protected":false},"excerpt":{"rendered":"<p>\u0130zmir B\u00fcy\u00fck\u015fehir Belediyesi, \u0130zmir Otogar\u0131\u2019n\u0131n haks\u0131z i\u015fgali nedeniyle ecrimisil bedellerinin tahsili i\u00e7in i\u015fletmeci konumundaki \u0130ZOTA\u015e\u2019a y\u00f6nelik haciz i\u015flemi ba\u015flat\u0131ld\u0131\u011f\u0131n\u0131 duyurdu. Tahliyeye ili\u015fkin tedbir karar\u0131n\u0131n kald\u0131r\u0131lmas\u0131n\u0131 takiben \u0130zmir Otogar\u0131\u2019nda yenileme ve i\u015fletme \u00e7al\u0131\u015fmalar\u0131n\u0131n da hayata ge\u00e7irilece\u011fi belirtilerek &#8220;En k\u0131sa vadede \u0130zmir\u2019in hakketti\u011fi bir terminal yap\u0131lanmas\u0131 olu\u015fturulacakt\u0131r&#8221; denildi. \u0130zmir B\u00fcy\u00fck\u015fehir Belediyesi\u2019nden yap\u0131lan a\u00e7\u0131klamada \u0130zmir Otogar\u0131 ile ilgili&#8230;<\/p>\n","protected":false},"author":1,"featured_media":67320,"comment_status":"open","ping_status":"open","sticky":false,"template":"","format":"standard","meta":{"_crdt_document":"","footnotes":""},"categories":[5],"tags":[],"class_list":["post-67319","post","type-post","status-publish","format-standard","has-post-thumbnail","hentry","category-asayis"],"_links":{"self":[{"href":"https:\/\/www.egemtv.com\/index.php?rest_route=\/wp\/v2\/posts\/67319","targetHints":{"allow":["GET"]}}],"collection":[{"href":"https:\/\/www.egemtv.com\/index.php?rest_route=\/wp\/v2\/posts"}],"about":[{"href":"https:\/\/www.egemtv.com\/index.php?rest_route=\/wp\/v2\/types\/post"}],"author":[{"embeddable":true,"href":"https:\/\/www.egemtv.com\/index.php?rest_route=\/wp\/v2\/users\/1"}],"replies":[{"embeddable":true,"href":"https:\/\/www.egemtv.com\/index.php?rest_route=%2Fwp%2Fv2%2Fcomments&post=67319"}],"version-history":[{"count":1,"href":"https:\/\/www.egemtv.com\/index.php?rest_route=\/wp\/v2\/posts\/67319\/revisions"}],"predecessor-version":[{"id":67321,"href":"https:\/\/www.egemtv.com\/index.php?rest_route=\/wp\/v2\/posts\/67319\/revisions\/67321"}],"wp:featuredmedia":[{"embeddable":true,"href":"https:\/\/www.egemtv.com\/index.php?rest_route=\/wp\/v2\/media\/67320"}],"wp:attachment":[{"href":"https:\/\/www.egemtv.com\/index.php?rest_route=%2Fwp%2Fv2%2Fmedia&parent=67319"}],"wp:term":[{"taxonomy":"category","embeddable":true,"href":"https:\/\/www.egemtv.com\/index.php?rest_route=%2Fwp%2Fv2%2Fcategories&post=67319"},{"taxonomy":"post_tag","embeddable":true,"href":"https:\/\/www.egemtv.com\/index.php?rest_route=%2Fwp%2Fv2%2Ftags&post=67319"}],"curies":[{"name":"wp","href":"https:\/\/api.w.org\/{rel}","templated":true}]}}