{"id":67313,"date":"2025-11-12T11:34:37","date_gmt":"2025-11-12T08:34:37","guid":{"rendered":"https:\/\/www.egemtv.com\/?p=67313"},"modified":"2025-11-12T11:34:38","modified_gmt":"2025-11-12T08:34:38","slug":"kutahya-ve-ilcelerinde-sigarayi-birakma-poliklinikleri-hizmete-girdi","status":"publish","type":"post","link":"https:\/\/www.egemtv.com\/?p=67313","title":{"rendered":"K\u00fctahya ve il\u00e7elerinde sigaray\u0131 b\u0131rakma poliklinikleri hizmete girdi"},"content":{"rendered":"<p>K\u00fctahya \u0130l Sa\u011fl\u0131k M\u00fcd\u00fcr\u00fc Do\u00e7. Dr. Ensar Durmu\u015f, Sa\u011fl\u0131k Bakanl\u0131\u011f\u0131n\u0131n sigarayla m\u00fccadele politikas\u0131 kapsam\u0131nda 13 il\u00e7ede sigaray\u0131 b\u0131rakma polikliniklerinin hizmete girdi\u011fini a\u00e7\u0131klad\u0131.<br \/>\n<br \/>Durmu\u015f, a\u00e7\u0131klamas\u0131nda, K\u00fctahya Merkezde K\u00fctahya Evliya \u00c7elebi E\u011fitim ve Ara\u015ft\u0131rma Hastanesi, Simav Do\u00e7. Dr. \u0130smail Karakuyu Devlet Hastanesi ve Emet Dr. Faz\u0131l Do\u011fan Devlet Hastaneleri b\u00fcnyesinde Sigara B\u0131rakma Polikliniklerinin hizmet verdi\u011fini s\u00f6yledi. \u0130l Sa\u011fl\u0131k M\u00fcd\u00fcr\u00fc Do\u00e7. Dr. Ensar Durmu\u015f,&#8221; Bunun haricinde il\u00e7elerimizde bulunan b\u00fct\u00fcn Sa\u011fl\u0131kl\u0131 Hayat merkezlerinde ve Toplum Sa\u011fl\u0131\u011f\u0131 Merkezlerinde sigara b\u0131rakma poliklini\u011fi hizmeti verilmeye ba\u015flanm\u0131\u015ft\u0131r. Sigaradan kurtulmak isteyen b\u00fct\u00fcn vatanda\u015flar\u0131m\u0131z\u0131 polikliniklere ba\u015fvurarak hekim de\u011ferlendirmesine tabi tutulmas\u0131n\u0131 \u00f6neriyoruz. L\u00fctfen ge\u00e7 olmadan sizde Sa\u011fl\u0131k Bakanl\u0131\u011f\u0131m\u0131z\u0131n \u00fccretsiz olarak sunmu\u015f oldu\u011fu bu hizmetlerden yararlan\u0131n. Gereken hastalara hekimlerimiz \u00fccretsiz bir \u015fekilde ila\u00e7lar\u0131n\u0131 temin etmektedirler. Kanser olduktan sonra, KOAH olduktan sonra, ba\u015fka hastal\u0131klar geli\u015ftikten sonra sigaray\u0131 b\u0131rakman\u0131n \u00e7ok anlam\u0131 kalm\u0131yor. Bunlar meydana gelmeden sigaradan kurtulal\u0131m&#8221; ifadelerine yer verdi.<br \/><\/p>\n","protected":false},"excerpt":{"rendered":"<p>K\u00fctahya \u0130l Sa\u011fl\u0131k M\u00fcd\u00fcr\u00fc Do\u00e7. Dr. Ensar Durmu\u015f, Sa\u011fl\u0131k Bakanl\u0131\u011f\u0131n\u0131n sigarayla m\u00fccadele politikas\u0131 kapsam\u0131nda 13 il\u00e7ede sigaray\u0131 b\u0131rakma polikliniklerinin hizmete girdi\u011fini a\u00e7\u0131klad\u0131. Durmu\u015f, a\u00e7\u0131klamas\u0131nda, K\u00fctahya Merkezde K\u00fctahya Evliya \u00c7elebi E\u011fitim ve Ara\u015ft\u0131rma Hastanesi, Simav Do\u00e7. Dr. \u0130smail Karakuyu Devlet Hastanesi ve Emet Dr. Faz\u0131l Do\u011fan Devlet Hastaneleri b\u00fcnyesinde Sigara B\u0131rakma Polikliniklerinin hizmet verdi\u011fini s\u00f6yledi. \u0130l&#8230;<\/p>\n","protected":false},"author":1,"featured_media":67314,"comment_status":"open","ping_status":"open","sticky":false,"template":"","format":"standard","meta":{"_crdt_document":"","footnotes":""},"categories":[2],"tags":[],"class_list":["post-67313","post","type-post","status-publish","format-standard","has-post-thumbnail","hentry","category-saglik"],"_links":{"self":[{"href":"https:\/\/www.egemtv.com\/index.php?rest_route=\/wp\/v2\/posts\/67313","targetHints":{"allow":["GET"]}}],"collection":[{"href":"https:\/\/www.egemtv.com\/index.php?rest_route=\/wp\/v2\/posts"}],"about":[{"href":"https:\/\/www.egemtv.com\/index.php?rest_route=\/wp\/v2\/types\/post"}],"author":[{"embeddable":true,"href":"https:\/\/www.egemtv.com\/index.php?rest_route=\/wp\/v2\/users\/1"}],"replies":[{"embeddable":true,"href":"https:\/\/www.egemtv.com\/index.php?rest_route=%2Fwp%2Fv2%2Fcomments&post=67313"}],"version-history":[{"count":1,"href":"https:\/\/www.egemtv.com\/index.php?rest_route=\/wp\/v2\/posts\/67313\/revisions"}],"predecessor-version":[{"id":67315,"href":"https:\/\/www.egemtv.com\/index.php?rest_route=\/wp\/v2\/posts\/67313\/revisions\/67315"}],"wp:featuredmedia":[{"embeddable":true,"href":"https:\/\/www.egemtv.com\/index.php?rest_route=\/wp\/v2\/media\/67314"}],"wp:attachment":[{"href":"https:\/\/www.egemtv.com\/index.php?rest_route=%2Fwp%2Fv2%2Fmedia&parent=67313"}],"wp:term":[{"taxonomy":"category","embeddable":true,"href":"https:\/\/www.egemtv.com\/index.php?rest_route=%2Fwp%2Fv2%2Fcategories&post=67313"},{"taxonomy":"post_tag","embeddable":true,"href":"https:\/\/www.egemtv.com\/index.php?rest_route=%2Fwp%2Fv2%2Ftags&post=67313"}],"curies":[{"name":"wp","href":"https:\/\/api.w.org\/{rel}","templated":true}]}}