{"id":67310,"date":"2025-11-12T11:34:37","date_gmt":"2025-11-12T08:34:37","guid":{"rendered":"https:\/\/www.egemtv.com\/?p=67310"},"modified":"2025-11-12T11:34:37","modified_gmt":"2025-11-12T08:34:37","slug":"burdurda-sokak-kopekleri-kucuk-kiza-dehseti-yasatti","status":"publish","type":"post","link":"https:\/\/www.egemtv.com\/?p=67310","title":{"rendered":"Burdur\u2019da sokak k\u00f6pekleri k\u00fc\u00e7\u00fck k\u0131za deh\u015feti ya\u015fatt\u0131"},"content":{"rendered":"<p>Burdur\u2019da sabah y\u00fcr\u00fcy\u00fc\u015fe \u00e7\u0131kan 13 ya\u015f\u0131ndaki k\u0131z, sokak k\u00f6peklerinin sald\u0131r\u0131s\u0131na u\u011frad\u0131. K\u0131z\u0131n\u0131n olaydan dolay\u0131 \u00e7ok korktu\u011funu belirten baba, &#8220;K\u0131z\u0131m\u0131n baca\u011f\u0131nda ve kal\u00e7as\u0131nda \u0131s\u0131r\u0131klar var. Genel sa\u011fl\u0131k durumu iyi ama \u00e7ok korkmu\u015f, devaml\u0131 a\u011fl\u0131yor&#8221; dedi.<br \/>\n<br \/>Olay, saat 09.00 s\u0131ralar\u0131nda Fevzi \u00c7akmak Mahallesi \u015eehit R\u0131za \u00c7elik Caddesi\u2019nde meydana geldi. Edinilen bilgiye g\u00f6re, sabah y\u00fcr\u00fcy\u00fc\u015fe \u00e7\u0131kan 13 ya\u015f\u0131ndaki K.K.\u2019ye ba\u015f\u0131bo\u015f sokak k\u00f6pekleri sald\u0131rd\u0131. Yoldan ge\u00e7en bir vatanda\u015f k\u00f6pekleri kovalarken, ihbar \u00fczerine b\u00f6lgeye sa\u011fl\u0131k ve polis ekipleri sevk edildi. V\u00fccudunun \u00e7e\u015fitli yerlerinden yaralanan \u00e7ocuk, sa\u011fl\u0131k ekipleri taraf\u0131ndan yap\u0131lan ilk m\u00fcdahalenin ard\u0131ndan ambulansla Burdur Devlet Hastanesi\u2019ne getirilerek tedavi alt\u0131na al\u0131nd\u0131. K\u0131z\u0131n sa\u011fl\u0131k durumunun iyi oldu\u011fu \u00f6\u011frenilirken, olay\u0131n ard\u0131ndan belediye ekipleri taraf\u0131ndan k\u00f6peklerin toplanmas\u0131 i\u00e7in \u00e7al\u0131\u015fma ba\u015flat\u0131ld\u0131.<\/p>\n<p>&#8220;K\u0131z\u0131m \u00e7ok korkmu\u015f, devaml\u0131 a\u011fl\u0131yor&#8221;<br \/>\n<br \/>K.K.\u2019nin babas\u0131 Mehmet K., olay\u0131 \u00e7al\u0131\u015f\u0131rken duydu\u011funu belirterek, &#8220;Yol \u00fczerinde k\u0131z\u0131m y\u00fcr\u00fcrken yan\u0131na bir k\u00f6pek geliyor. K\u0131z\u0131m da k\u00f6pekten ka\u00e7maya \u00e7al\u0131\u015f\u0131yor. K\u00f6pek havlay\u0131nca di\u011fer k\u00f6pekler de geliyor. Sonras\u0131nda k\u00f6pekler k\u0131z\u0131ma sald\u0131rmaya ba\u015fl\u0131yor. Yoldan ge\u00e7en bir vatanda\u015f durumu g\u00f6r\u00fcnce arabayla k\u00f6pekleri uzakla\u015ft\u0131rmaya \u00e7al\u0131\u015f\u0131yor. K\u0131z\u0131m\u0131n baca\u011f\u0131nda ve kal\u00e7as\u0131nda \u0131s\u0131r\u0131klar var. Genel sa\u011fl\u0131k durumu iyi ama \u00e7ok korkmu\u015f, devaml\u0131 a\u011fl\u0131yor&#8221; \u015feklinde konu\u015ftu.<\/p>\n<p>&#8220;M\u00fcdahalede s\u0131k\u0131nt\u0131 ya\u015f\u0131yoruz&#8221;<br \/>\n<br \/>Burdur Belediyesi Veteriner \u0130\u015fleri M\u00fcd\u00fcr\u00fc Rauf Arslan ise, &#8220;Bulundu\u011fumuz yer Fevzi \u00c7akmak Mahallesi, \u015fehrimizdeki ar\u0131zal\u0131 tek yer. Burada 5 ila 15 aras\u0131nda bir k\u00f6pek pop\u00fclasyonu var. Arazinin geni\u015f olmas\u0131ndan dolay\u0131 da arkada\u015flar m\u00fcdahalede biraz s\u0131k\u0131nt\u0131 ya\u015f\u0131yorlar. Bunu bir \u015fekilde a\u015faca\u011f\u0131z&#8221; diye konu\u015ftu.<br \/><\/p>\n","protected":false},"excerpt":{"rendered":"<p>Burdur\u2019da sabah y\u00fcr\u00fcy\u00fc\u015fe \u00e7\u0131kan 13 ya\u015f\u0131ndaki k\u0131z, sokak k\u00f6peklerinin sald\u0131r\u0131s\u0131na u\u011frad\u0131. K\u0131z\u0131n\u0131n olaydan dolay\u0131 \u00e7ok korktu\u011funu belirten baba, &#8220;K\u0131z\u0131m\u0131n baca\u011f\u0131nda ve kal\u00e7as\u0131nda \u0131s\u0131r\u0131klar var. Genel sa\u011fl\u0131k durumu iyi ama \u00e7ok korkmu\u015f, devaml\u0131 a\u011fl\u0131yor&#8221; dedi. Olay, saat 09.00 s\u0131ralar\u0131nda Fevzi \u00c7akmak Mahallesi \u015eehit R\u0131za \u00c7elik Caddesi\u2019nde meydana geldi. Edinilen bilgiye g\u00f6re, sabah y\u00fcr\u00fcy\u00fc\u015fe \u00e7\u0131kan 13 ya\u015f\u0131ndaki&#8230;<\/p>\n","protected":false},"author":1,"featured_media":67311,"comment_status":"open","ping_status":"open","sticky":false,"template":"","format":"standard","meta":{"_crdt_document":"","footnotes":""},"categories":[5],"tags":[],"class_list":["post-67310","post","type-post","status-publish","format-standard","has-post-thumbnail","hentry","category-asayis"],"_links":{"self":[{"href":"https:\/\/www.egemtv.com\/index.php?rest_route=\/wp\/v2\/posts\/67310","targetHints":{"allow":["GET"]}}],"collection":[{"href":"https:\/\/www.egemtv.com\/index.php?rest_route=\/wp\/v2\/posts"}],"about":[{"href":"https:\/\/www.egemtv.com\/index.php?rest_route=\/wp\/v2\/types\/post"}],"author":[{"embeddable":true,"href":"https:\/\/www.egemtv.com\/index.php?rest_route=\/wp\/v2\/users\/1"}],"replies":[{"embeddable":true,"href":"https:\/\/www.egemtv.com\/index.php?rest_route=%2Fwp%2Fv2%2Fcomments&post=67310"}],"version-history":[{"count":1,"href":"https:\/\/www.egemtv.com\/index.php?rest_route=\/wp\/v2\/posts\/67310\/revisions"}],"predecessor-version":[{"id":67312,"href":"https:\/\/www.egemtv.com\/index.php?rest_route=\/wp\/v2\/posts\/67310\/revisions\/67312"}],"wp:featuredmedia":[{"embeddable":true,"href":"https:\/\/www.egemtv.com\/index.php?rest_route=\/wp\/v2\/media\/67311"}],"wp:attachment":[{"href":"https:\/\/www.egemtv.com\/index.php?rest_route=%2Fwp%2Fv2%2Fmedia&parent=67310"}],"wp:term":[{"taxonomy":"category","embeddable":true,"href":"https:\/\/www.egemtv.com\/index.php?rest_route=%2Fwp%2Fv2%2Fcategories&post=67310"},{"taxonomy":"post_tag","embeddable":true,"href":"https:\/\/www.egemtv.com\/index.php?rest_route=%2Fwp%2Fv2%2Ftags&post=67310"}],"curies":[{"name":"wp","href":"https:\/\/api.w.org\/{rel}","templated":true}]}}