{"id":67307,"date":"2025-11-12T11:14:59","date_gmt":"2025-11-12T08:14:59","guid":{"rendered":"https:\/\/www.egemtv.com\/?p=67307"},"modified":"2025-11-12T11:15:00","modified_gmt":"2025-11-12T08:15:00","slug":"bozdoganda-karasinekle-mucadele","status":"publish","type":"post","link":"https:\/\/www.egemtv.com\/?p=67307","title":{"rendered":"Bozdo\u011fan\u2019da karasinekle m\u00fccadele"},"content":{"rendered":"<p>Bozdo\u011fan Belediyesi Temizlik \u0130\u015fleri M\u00fcd\u00fcrl\u00fc\u011f\u00fc, vatanda\u015flar\u0131n ya\u015fam kalitesini art\u0131rmak ve halk sa\u011fl\u0131\u011f\u0131n\u0131 korumak amac\u0131yla il\u00e7e genelinde karasinekle m\u00fccadele \u00e7al\u0131\u015fmalar\u0131n\u0131 kararl\u0131l\u0131kla s\u00fcrd\u00fcr\u00fcyor.<\/p>\n<p>Belirlenen kapsaml\u0131 program \u00e7er\u00e7evesinde olu\u015fturulan ekipler, t\u00fcm mahallelerde d\u00fczenli olarak ila\u00e7lama \u00e7al\u0131\u015fmalar\u0131 ger\u00e7ekle\u015ftiriyor. \u00d6zellikle vekt\u00f6rlerin \u00fcreme alan\u0131 olabilecek noktalarda yo\u011funla\u015fan ekipler, halk sa\u011fl\u0131\u011f\u0131n\u0131 tehdit eden zararl\u0131lara kar\u015f\u0131 etkin \u00f6nlemler al\u0131yor.<\/p>\n<p>Belediye Ba\u015fkan\u0131 Mustafa Galip \u00d6zel, y\u00fcr\u00fct\u00fclen \u00e7al\u0131\u015fmalarla ilgili yapt\u0131\u011f\u0131 a\u00e7\u0131klamada, m\u00fccadelenin titizlikle s\u00fcrd\u00fcr\u00fcld\u00fc\u011f\u00fcn\u00fc belirterek \u015funlar\u0131 s\u00f6yledi:<br \/>\n<br \/>&#8220;Vatanda\u015flar\u0131m\u0131z\u0131n sa\u011fl\u0131kl\u0131, g\u00fcvenli ve temiz bir \u00e7evrede ya\u015fama hakk\u0131, Bozdo\u011fan Belediyesi\u2019nin en temel hizmet prensibidir. Ekiplerimiz, bu prensip do\u011frultusunda haz\u0131rlanan takvime uygun olarak mahallelerimizde ila\u00e7lama \u00e7al\u0131\u015fmalar\u0131na kararl\u0131l\u0131kla devam edecektir. Halk sa\u011fl\u0131\u011f\u0131 konusundaki hassasiyetimiz kesintisizdir&#8221;<br \/><\/p>\n","protected":false},"excerpt":{"rendered":"<p>Bozdo\u011fan Belediyesi Temizlik \u0130\u015fleri M\u00fcd\u00fcrl\u00fc\u011f\u00fc, vatanda\u015flar\u0131n ya\u015fam kalitesini art\u0131rmak ve halk sa\u011fl\u0131\u011f\u0131n\u0131 korumak amac\u0131yla il\u00e7e genelinde karasinekle m\u00fccadele \u00e7al\u0131\u015fmalar\u0131n\u0131 kararl\u0131l\u0131kla s\u00fcrd\u00fcr\u00fcyor. Belirlenen kapsaml\u0131 program \u00e7er\u00e7evesinde olu\u015fturulan ekipler, t\u00fcm mahallelerde d\u00fczenli olarak ila\u00e7lama \u00e7al\u0131\u015fmalar\u0131 ger\u00e7ekle\u015ftiriyor. \u00d6zellikle vekt\u00f6rlerin \u00fcreme alan\u0131 olabilecek noktalarda yo\u011funla\u015fan ekipler, halk sa\u011fl\u0131\u011f\u0131n\u0131 tehdit eden zararl\u0131lara kar\u015f\u0131 etkin \u00f6nlemler al\u0131yor. Belediye Ba\u015fkan\u0131 Mustafa Galip&#8230;<\/p>\n","protected":false},"author":1,"featured_media":67308,"comment_status":"open","ping_status":"open","sticky":false,"template":"","format":"standard","meta":{"_crdt_document":"","footnotes":""},"categories":[1],"tags":[],"class_list":["post-67307","post","type-post","status-publish","format-standard","has-post-thumbnail","hentry","category-guncel"],"_links":{"self":[{"href":"https:\/\/www.egemtv.com\/index.php?rest_route=\/wp\/v2\/posts\/67307","targetHints":{"allow":["GET"]}}],"collection":[{"href":"https:\/\/www.egemtv.com\/index.php?rest_route=\/wp\/v2\/posts"}],"about":[{"href":"https:\/\/www.egemtv.com\/index.php?rest_route=\/wp\/v2\/types\/post"}],"author":[{"embeddable":true,"href":"https:\/\/www.egemtv.com\/index.php?rest_route=\/wp\/v2\/users\/1"}],"replies":[{"embeddable":true,"href":"https:\/\/www.egemtv.com\/index.php?rest_route=%2Fwp%2Fv2%2Fcomments&post=67307"}],"version-history":[{"count":1,"href":"https:\/\/www.egemtv.com\/index.php?rest_route=\/wp\/v2\/posts\/67307\/revisions"}],"predecessor-version":[{"id":67309,"href":"https:\/\/www.egemtv.com\/index.php?rest_route=\/wp\/v2\/posts\/67307\/revisions\/67309"}],"wp:featuredmedia":[{"embeddable":true,"href":"https:\/\/www.egemtv.com\/index.php?rest_route=\/wp\/v2\/media\/67308"}],"wp:attachment":[{"href":"https:\/\/www.egemtv.com\/index.php?rest_route=%2Fwp%2Fv2%2Fmedia&parent=67307"}],"wp:term":[{"taxonomy":"category","embeddable":true,"href":"https:\/\/www.egemtv.com\/index.php?rest_route=%2Fwp%2Fv2%2Fcategories&post=67307"},{"taxonomy":"post_tag","embeddable":true,"href":"https:\/\/www.egemtv.com\/index.php?rest_route=%2Fwp%2Fv2%2Ftags&post=67307"}],"curies":[{"name":"wp","href":"https:\/\/api.w.org\/{rel}","templated":true}]}}