{"id":67304,"date":"2025-11-12T11:14:58","date_gmt":"2025-11-12T08:14:58","guid":{"rendered":"https:\/\/www.egemtv.com\/?p=67304"},"modified":"2025-11-12T11:14:59","modified_gmt":"2025-11-12T08:14:59","slug":"muglada-yolcu-minibusu-devrildi-13-yarali","status":"publish","type":"post","link":"https:\/\/www.egemtv.com\/?p=67304","title":{"rendered":"Mu\u011fla\u2019da yolcu minib\u00fcs\u00fc devrildi: 13 yaral\u0131"},"content":{"rendered":"<p>Mu\u011fla\u2019n\u0131n Mente\u015fe il\u00e7esinde yolcu minib\u00fcs\u00fcn\u00fcn \u015farampole devrilmesi sonucu 13 ki\u015fi yaraland\u0131.<br \/>\n<br \/>Mente\u015fe il\u00e7esinde, Marmaris yolu \u00fczerindeki Mu\u011fla E\u011fitim ve Ara\u015ft\u0131rma Hastanesi kar\u015f\u0131s\u0131nda meydana gelen kazada, 48 HO 7529 plakal\u0131 yolcu minib\u00fcs\u00fc s\u00fcr\u00fcc\u00fcs\u00fcn\u00fcn direksiyon hakimiyetini kaybetmesi \u00fczerine \u015farampole devrildi. Kaza ihbar\u0131 \u00fczerine olay yerine sa\u011fl\u0131k, polis itfaiye ve UMKE ekipleri sevk edildi. Olay yerine gelen ekipler hemen kazazedelere m\u00fcdahalede bulundu. Ara\u00e7ta s\u0131k\u0131\u015fan bir yolcu UMKE ve itfaiye ekipleri taraf\u0131ndan kurtar\u0131ld\u0131. Kazada hafif \u015fekilde yaralanan 13 ki\u015fi ayakta tedavi edildikten sonra tedbir ama\u00e7l\u0131 hastaneye kald\u0131r\u0131ld\u0131.<br \/>\n<br \/>Kazayla ilgili soru\u015fturma s\u00fcr\u00fcyor.<br \/><\/p>\n","protected":false},"excerpt":{"rendered":"<p>Mu\u011fla\u2019n\u0131n Mente\u015fe il\u00e7esinde yolcu minib\u00fcs\u00fcn\u00fcn \u015farampole devrilmesi sonucu 13 ki\u015fi yaraland\u0131. Mente\u015fe il\u00e7esinde, Marmaris yolu \u00fczerindeki Mu\u011fla E\u011fitim ve Ara\u015ft\u0131rma Hastanesi kar\u015f\u0131s\u0131nda meydana gelen kazada, 48 HO 7529 plakal\u0131 yolcu minib\u00fcs\u00fc s\u00fcr\u00fcc\u00fcs\u00fcn\u00fcn direksiyon hakimiyetini kaybetmesi \u00fczerine \u015farampole devrildi. Kaza ihbar\u0131 \u00fczerine olay yerine sa\u011fl\u0131k, polis itfaiye ve UMKE ekipleri sevk edildi. Olay yerine gelen ekipler&#8230;<\/p>\n","protected":false},"author":1,"featured_media":67305,"comment_status":"open","ping_status":"open","sticky":false,"template":"","format":"standard","meta":{"_crdt_document":"","footnotes":""},"categories":[5],"tags":[],"class_list":["post-67304","post","type-post","status-publish","format-standard","has-post-thumbnail","hentry","category-asayis"],"_links":{"self":[{"href":"https:\/\/www.egemtv.com\/index.php?rest_route=\/wp\/v2\/posts\/67304","targetHints":{"allow":["GET"]}}],"collection":[{"href":"https:\/\/www.egemtv.com\/index.php?rest_route=\/wp\/v2\/posts"}],"about":[{"href":"https:\/\/www.egemtv.com\/index.php?rest_route=\/wp\/v2\/types\/post"}],"author":[{"embeddable":true,"href":"https:\/\/www.egemtv.com\/index.php?rest_route=\/wp\/v2\/users\/1"}],"replies":[{"embeddable":true,"href":"https:\/\/www.egemtv.com\/index.php?rest_route=%2Fwp%2Fv2%2Fcomments&post=67304"}],"version-history":[{"count":1,"href":"https:\/\/www.egemtv.com\/index.php?rest_route=\/wp\/v2\/posts\/67304\/revisions"}],"predecessor-version":[{"id":67306,"href":"https:\/\/www.egemtv.com\/index.php?rest_route=\/wp\/v2\/posts\/67304\/revisions\/67306"}],"wp:featuredmedia":[{"embeddable":true,"href":"https:\/\/www.egemtv.com\/index.php?rest_route=\/wp\/v2\/media\/67305"}],"wp:attachment":[{"href":"https:\/\/www.egemtv.com\/index.php?rest_route=%2Fwp%2Fv2%2Fmedia&parent=67304"}],"wp:term":[{"taxonomy":"category","embeddable":true,"href":"https:\/\/www.egemtv.com\/index.php?rest_route=%2Fwp%2Fv2%2Fcategories&post=67304"},{"taxonomy":"post_tag","embeddable":true,"href":"https:\/\/www.egemtv.com\/index.php?rest_route=%2Fwp%2Fv2%2Ftags&post=67304"}],"curies":[{"name":"wp","href":"https:\/\/api.w.org\/{rel}","templated":true}]}}