{"id":67301,"date":"2025-11-12T11:14:57","date_gmt":"2025-11-12T08:14:57","guid":{"rendered":"https:\/\/www.egemtv.com\/?p=67301"},"modified":"2025-11-12T11:14:58","modified_gmt":"2025-11-12T08:14:58","slug":"izmir-aciklarinda-27-duzensiz-gocmen-yakalandi-14-gocmen-kurtarildi","status":"publish","type":"post","link":"https:\/\/www.egemtv.com\/?p=67301","title":{"rendered":"\u0130zmir a\u00e7\u0131klar\u0131nda 27 d\u00fczensiz g\u00f6\u00e7men yakaland\u0131, 14 g\u00f6\u00e7men kurtar\u0131ld\u0131"},"content":{"rendered":"<p>\u0130zmir\u2019in Seferihisar il\u00e7esi a\u00e7\u0131klar\u0131nda Sahil G\u00fcvenlik Komutanl\u0131\u011f\u0131 ekipleri taraf\u0131ndan d\u00fczenlenen iki ayr\u0131 operasyonda, yasa d\u0131\u015f\u0131 yollarla yurt d\u0131\u015f\u0131na \u00e7\u0131kmaya \u00e7al\u0131\u015fan 27 d\u00fczensiz g\u00f6\u00e7men yakalan\u0131rken, Yunanistan unsurlar\u0131nca T\u00fcrk kara sular\u0131na geri itilen 14 d\u00fczensiz g\u00f6\u00e7men kurtar\u0131ld\u0131.<br \/>\n<br \/>10 Kas\u0131m g\u00fcn\u00fc saat 02.50 s\u0131ralar\u0131nda Seferihisar il\u00e7esi a\u00e7\u0131klar\u0131nda lastik bot i\u00e7erisinde bir grup d\u00fczensiz g\u00f6\u00e7men oldu\u011fu bilgisine ula\u015f\u0131ld\u0131. G\u00f6revlendirilen Sahil G\u00fcvenlik botlar\u0131 KB-22 ve KB-89 taraf\u0131ndan durdurulan hareketli lastik botta, aralar\u0131nda 11 \u00e7ocu\u011fun da bulundu\u011fu toplam 27 d\u00fczensiz g\u00f6\u00e7men ile 1 g\u00f6\u00e7men ka\u00e7ak\u00e7\u0131s\u0131 \u015f\u00fcphelisi yakaland\u0131. Ayn\u0131 g\u00fcn saat 03.15\u2019te yine Seferihisar a\u00e7\u0131klar\u0131nda Yunanistan unsurlar\u0131nca T\u00fcrk kara sular\u0131na geri itilen lastik bot tespit edildi. B\u00f6lgeye sevk edilen Sahil G\u00fcvenlik botlar\u0131 TCSG-7 ve KB-89 taraf\u0131ndan y\u00fcr\u00fct\u00fclen operasyonda, bottaki 14 d\u00fczensiz g\u00f6\u00e7men sa\u011f olarak kurtar\u0131ld\u0131.<br \/>\n<br \/>Yakalanan ve kurtar\u0131lan toplam 41 d\u00fczensiz g\u00f6\u00e7men, i\u015flemlerinin ard\u0131ndan \u0130l G\u00f6\u00e7 \u0130daresi M\u00fcd\u00fcrl\u00fc\u011f\u00fc\u2019ne teslim edilirken, g\u00f6\u00e7men ka\u00e7ak\u00e7\u0131l\u0131\u011f\u0131 \u015f\u00fcphelisi hakk\u0131nda adli i\u015flemler ba\u015flat\u0131ld\u0131.<br \/><\/p>\n","protected":false},"excerpt":{"rendered":"<p>\u0130zmir\u2019in Seferihisar il\u00e7esi a\u00e7\u0131klar\u0131nda Sahil G\u00fcvenlik Komutanl\u0131\u011f\u0131 ekipleri taraf\u0131ndan d\u00fczenlenen iki ayr\u0131 operasyonda, yasa d\u0131\u015f\u0131 yollarla yurt d\u0131\u015f\u0131na \u00e7\u0131kmaya \u00e7al\u0131\u015fan 27 d\u00fczensiz g\u00f6\u00e7men yakalan\u0131rken, Yunanistan unsurlar\u0131nca T\u00fcrk kara sular\u0131na geri itilen 14 d\u00fczensiz g\u00f6\u00e7men kurtar\u0131ld\u0131. 10 Kas\u0131m g\u00fcn\u00fc saat 02.50 s\u0131ralar\u0131nda Seferihisar il\u00e7esi a\u00e7\u0131klar\u0131nda lastik bot i\u00e7erisinde bir grup d\u00fczensiz g\u00f6\u00e7men oldu\u011fu bilgisine ula\u015f\u0131ld\u0131. G\u00f6revlendirilen&#8230;<\/p>\n","protected":false},"author":1,"featured_media":67302,"comment_status":"open","ping_status":"open","sticky":false,"template":"","format":"standard","meta":{"_crdt_document":"","footnotes":""},"categories":[5],"tags":[],"class_list":["post-67301","post","type-post","status-publish","format-standard","has-post-thumbnail","hentry","category-asayis"],"_links":{"self":[{"href":"https:\/\/www.egemtv.com\/index.php?rest_route=\/wp\/v2\/posts\/67301","targetHints":{"allow":["GET"]}}],"collection":[{"href":"https:\/\/www.egemtv.com\/index.php?rest_route=\/wp\/v2\/posts"}],"about":[{"href":"https:\/\/www.egemtv.com\/index.php?rest_route=\/wp\/v2\/types\/post"}],"author":[{"embeddable":true,"href":"https:\/\/www.egemtv.com\/index.php?rest_route=\/wp\/v2\/users\/1"}],"replies":[{"embeddable":true,"href":"https:\/\/www.egemtv.com\/index.php?rest_route=%2Fwp%2Fv2%2Fcomments&post=67301"}],"version-history":[{"count":1,"href":"https:\/\/www.egemtv.com\/index.php?rest_route=\/wp\/v2\/posts\/67301\/revisions"}],"predecessor-version":[{"id":67303,"href":"https:\/\/www.egemtv.com\/index.php?rest_route=\/wp\/v2\/posts\/67301\/revisions\/67303"}],"wp:featuredmedia":[{"embeddable":true,"href":"https:\/\/www.egemtv.com\/index.php?rest_route=\/wp\/v2\/media\/67302"}],"wp:attachment":[{"href":"https:\/\/www.egemtv.com\/index.php?rest_route=%2Fwp%2Fv2%2Fmedia&parent=67301"}],"wp:term":[{"taxonomy":"category","embeddable":true,"href":"https:\/\/www.egemtv.com\/index.php?rest_route=%2Fwp%2Fv2%2Fcategories&post=67301"},{"taxonomy":"post_tag","embeddable":true,"href":"https:\/\/www.egemtv.com\/index.php?rest_route=%2Fwp%2Fv2%2Ftags&post=67301"}],"curies":[{"name":"wp","href":"https:\/\/api.w.org\/{rel}","templated":true}]}}