{"id":67298,"date":"2025-11-12T10:55:58","date_gmt":"2025-11-12T07:55:58","guid":{"rendered":"https:\/\/www.egemtv.com\/?p=67298"},"modified":"2025-11-12T10:55:59","modified_gmt":"2025-11-12T07:55:59","slug":"kutahya-belediyesinden-sincap-ve-kuslara-kis-estegi","status":"publish","type":"post","link":"https:\/\/www.egemtv.com\/?p=67298","title":{"rendered":"K\u00fctahya Belediyesi\u2019nden sincap ve ku\u015flara k\u0131\u015f este\u011fi"},"content":{"rendered":"<p>K\u00fctahya Belediyesi, \u015fehir ekosistemini g\u00fc\u00e7lendirmek ve do\u011fal ya\u015fam\u0131n s\u00fcrd\u00fcr\u00fclebilirli\u011fini desteklemek amac\u0131yla sincap ve ku\u015flar i\u00e7in k\u0131\u015f haz\u0131rl\u0131klar\u0131na ba\u015flad\u0131.<br \/>\n<br \/>Veteriner \u0130\u015fleri M\u00fcd\u00fcrl\u00fc\u011f\u00fc koordinesinde y\u00fcr\u00fct\u00fclen \u00e7al\u0131\u015fma kapsam\u0131nda, Ya\u015fam Park\u0131, Millet Bah\u00e7esi ve \u00c7aml\u0131ca Mesire Alan\u0131\u2019nda \u00e7e\u015fitli noktalara do\u011fal ya\u015famla uyumlu yemlikler yerle\u015ftirildi.<br \/>\n<br \/>Yakla\u015fan k\u0131\u015f mevsimiyle birlikte yiyecek bulmakta zorlanan sincap ve ku\u015flar\u0131n beslenmesine katk\u0131 sa\u011flamay\u0131 ama\u00e7layan uygulama, vatanda\u015flar\u0131n \u015fehirdeki yaban hayat\u0131na dair fark\u0131ndal\u0131\u011f\u0131n\u0131 da art\u0131racak.<br \/>\n<br \/>Do\u011fal ya\u015famla uyumlu \u015fekilde tasarlanan yemliklerin d\u00fczenli olarak takip edilmesi ve yemliklerden faydalanan t\u00fcrlerin izlenmesi amac\u0131yla b\u00f6lgelere fotokapanlar da yerle\u015ftirildi. B\u00f6ylece muhtemel zararlar\u0131n \u00f6n\u00fcne ge\u00e7ilerek projenin s\u00fcrd\u00fcr\u00fclebilirli\u011fi sa\u011flanacak.<br \/>\n<br \/>K\u00fctahya Belediyesi, &#8220;\u015fehrin t\u00fcm canl\u0131lar i\u00e7in ortak bir ya\u015fam alan\u0131 oldu\u011fu&#8221; bilinciyle yaban hayat\u0131n\u0131 destekleyen uygulamalar\u0131 yayg\u0131nla\u015ft\u0131rarak do\u011fal ya\u015fam\u0131 koruma \u00e7al\u0131\u015fmalar\u0131n\u0131 s\u00fcrd\u00fcrecek.<br \/><\/p>\n","protected":false},"excerpt":{"rendered":"<p>K\u00fctahya Belediyesi, \u015fehir ekosistemini g\u00fc\u00e7lendirmek ve do\u011fal ya\u015fam\u0131n s\u00fcrd\u00fcr\u00fclebilirli\u011fini desteklemek amac\u0131yla sincap ve ku\u015flar i\u00e7in k\u0131\u015f haz\u0131rl\u0131klar\u0131na ba\u015flad\u0131. Veteriner \u0130\u015fleri M\u00fcd\u00fcrl\u00fc\u011f\u00fc koordinesinde y\u00fcr\u00fct\u00fclen \u00e7al\u0131\u015fma kapsam\u0131nda, Ya\u015fam Park\u0131, Millet Bah\u00e7esi ve \u00c7aml\u0131ca Mesire Alan\u0131\u2019nda \u00e7e\u015fitli noktalara do\u011fal ya\u015famla uyumlu yemlikler yerle\u015ftirildi. Yakla\u015fan k\u0131\u015f mevsimiyle birlikte yiyecek bulmakta zorlanan sincap ve ku\u015flar\u0131n beslenmesine katk\u0131 sa\u011flamay\u0131 ama\u00e7layan uygulama,&#8230;<\/p>\n","protected":false},"author":1,"featured_media":67299,"comment_status":"open","ping_status":"open","sticky":false,"template":"","format":"standard","meta":{"_crdt_document":"","footnotes":""},"categories":[1],"tags":[],"class_list":["post-67298","post","type-post","status-publish","format-standard","has-post-thumbnail","hentry","category-guncel"],"_links":{"self":[{"href":"https:\/\/www.egemtv.com\/index.php?rest_route=\/wp\/v2\/posts\/67298","targetHints":{"allow":["GET"]}}],"collection":[{"href":"https:\/\/www.egemtv.com\/index.php?rest_route=\/wp\/v2\/posts"}],"about":[{"href":"https:\/\/www.egemtv.com\/index.php?rest_route=\/wp\/v2\/types\/post"}],"author":[{"embeddable":true,"href":"https:\/\/www.egemtv.com\/index.php?rest_route=\/wp\/v2\/users\/1"}],"replies":[{"embeddable":true,"href":"https:\/\/www.egemtv.com\/index.php?rest_route=%2Fwp%2Fv2%2Fcomments&post=67298"}],"version-history":[{"count":1,"href":"https:\/\/www.egemtv.com\/index.php?rest_route=\/wp\/v2\/posts\/67298\/revisions"}],"predecessor-version":[{"id":67300,"href":"https:\/\/www.egemtv.com\/index.php?rest_route=\/wp\/v2\/posts\/67298\/revisions\/67300"}],"wp:featuredmedia":[{"embeddable":true,"href":"https:\/\/www.egemtv.com\/index.php?rest_route=\/wp\/v2\/media\/67299"}],"wp:attachment":[{"href":"https:\/\/www.egemtv.com\/index.php?rest_route=%2Fwp%2Fv2%2Fmedia&parent=67298"}],"wp:term":[{"taxonomy":"category","embeddable":true,"href":"https:\/\/www.egemtv.com\/index.php?rest_route=%2Fwp%2Fv2%2Fcategories&post=67298"},{"taxonomy":"post_tag","embeddable":true,"href":"https:\/\/www.egemtv.com\/index.php?rest_route=%2Fwp%2Fv2%2Ftags&post=67298"}],"curies":[{"name":"wp","href":"https:\/\/api.w.org\/{rel}","templated":true}]}}