{"id":67295,"date":"2025-11-12T10:55:57","date_gmt":"2025-11-12T07:55:57","guid":{"rendered":"https:\/\/www.egemtv.com\/?p=67295"},"modified":"2025-11-12T10:55:58","modified_gmt":"2025-11-12T07:55:58","slug":"kis-sebzesi-ispanakta-hasat-bollugu","status":"publish","type":"post","link":"https:\/\/www.egemtv.com\/?p=67295","title":{"rendered":"K\u0131\u015f sebzesi \u0131spanakta hasat bollu\u011fu"},"content":{"rendered":"<p>\u0130zmir\u2019in Menemen il\u00e7esinde k\u0131\u015f aylar\u0131n\u0131n vazge\u00e7ilmez sebzelerinden \u0131spana\u011f\u0131n hasad\u0131 devam ediyor. Gediz Ovas\u0131\u2019n\u0131n verimli topraklar\u0131nda y\u00fcksek rekolte elde eden \u00e7ift\u00e7iler, \u00fcr\u00fcn\u00fcn tarladan pazara kadar fiyat\u0131n\u0131n artmas\u0131ndan \u015fikayet ediyor.<br \/>\n<br \/>\u0130zmir\u2019in \u00f6nemli tar\u0131m merkezlerinden biri olan Menemen\u2019de \u0131spanak hasad\u0131 s\u00fcr\u00fcyor. A\u011fustos ay\u0131nda ekimi yap\u0131lan \u0131spanak, kas\u0131m ay\u0131 itibar\u0131yla tarlalardan toplanmaya ba\u015fland\u0131. K\u0131\u015f aylar\u0131n\u0131n vazge\u00e7ilmez sebzesi olan \u0131spana\u011f\u0131n hasad\u0131 Nisan ay\u0131na kadar devam edecek. Sabah\u0131n ilk \u0131\u015f\u0131klar\u0131yla tarlalara gelen kad\u0131n i\u015f\u00e7iler, g\u00fcn boyunca \u0131spanak toplayarak aile b\u00fct\u00e7elerine katk\u0131 sa\u011fl\u0131yor. Toplanan \u00fcr\u00fcnler, erkek i\u015f\u00e7iler taraf\u0131ndan k\u00f6y\u00fcn ortak kullan\u0131m alan\u0131ndaki havuzlarda y\u0131kan\u0131yor ve kamyonlara y\u00fcklenerek sevkiyata haz\u0131rlan\u0131yor. Menemen b\u00f6lgesinde y\u0131lda ortalama 40 bin ton \u0131spanak \u00fcretiliyor. Hasad\u0131 tamamlanan \u0131spanaklar, \u0130zmir ve \u00e7evre illerdeki pazarlara g\u00f6nderiliyor. Menemenli \u00e7ift\u00e7iler, \u0131spana\u011f\u0131n hale 6 liradan sat\u0131ld\u0131\u011f\u0131n\u0131, ancak pazarlarda kilogram fiyat\u0131n\u0131n ortalama 40 liraya kadar \u00e7\u0131kt\u0131\u011f\u0131n\u0131 belirtiyor.<\/p>\n<p>Fiyat farklar\u0131 el yak\u0131c\u0131<br \/>\n<br \/>Yakla\u015f\u0131k 25 y\u0131ld\u0131r \u00e7ift\u00e7ilik yapan ve babadan kalma mesle\u011fini severek s\u00fcrd\u00fcren Turgay Y\u0131ld\u0131r\u0131m, \u0131spanak ekiminin genellikle A\u011fustos ay\u0131nda ba\u015flad\u0131\u011f\u0131n\u0131 belirtti. Daha sonra kademe kademe dikim yaparak, bu i\u015fin Nisan ay\u0131na kadar s\u00fcrd\u00fc\u011f\u00fcn\u00fc ifade eden Y\u0131ld\u0131r\u0131m, &#8220;Hasat ise Ekim ay\u0131nda ba\u015fl\u0131yor ve son hasad\u0131m\u0131z Nisan ay\u0131nda tamamlan\u0131yor. Yani yakla\u015f\u0131k 7-8 ayl\u0131k bir s\u00fcre\u00e7 s\u00f6z konusu. Ancak bu s\u00fcre, y\u0131l\u0131n \u015fartlar\u0131na g\u00f6re de\u011fi\u015febiliyor; ayn\u0131 toprakta bazen 1-2, bazen de 3 kez ekim yap\u0131labiliyor. \u00d6rne\u011fin, y\u0131l\u0131n ya\u011fmurlu veya s\u0131cak ge\u00e7mesi veya topra\u011f\u0131n durumu buna etki ediyor. \u015eu anda \u0131spana\u011f\u0131n bir kilosu tarlada 6-7 lira civar\u0131nda, hale ise 10 lira civar\u0131na gidiyor. Oradan pazara gelince fiyat 30, 40, hatta 50 liraya kadar \u00e7\u0131k\u0131yor. Biz bu mesle\u011fe ger\u00e7ekten merak\u0131m\u0131z ve sevgimizle ba\u015flad\u0131k, ancak \u015fu an \u00e7ocuklar\u0131m bu i\u015fe hi\u00e7 ilgi g\u00f6stermiyor; b\u00f6yle devam ederse, kimse bu i\u015fi yapmayacak. \u00c7\u00fcnk\u00fc \u00e7ok zor bir meslek; zaman ve emek isteyen bir i\u015f. Bu nedenle herkesin u\u011fra\u015fabilece\u011fi veya yapabilece\u011fi bir i\u015f de\u011fil&#8221; dedi.<\/p>\n<p>G\u00fcn\u00fcn ilk \u0131\u015f\u0131klar\u0131nda hasat<br \/>\n<br \/>Ispanak hasad\u0131n\u0131n Ekim ay\u0131nda ba\u015flad\u0131\u011f\u0131n\u0131 ve hava gidi\u015fat\u0131na g\u00f6re Nisan veya May\u0131s ay\u0131na kadar s\u00fcrd\u00fc\u011f\u00fcn\u00fc kaydeden tar\u0131m i\u015f\u00e7isi Serap Bora, &#8220;Bu s\u00fcre\u00e7 s\u00fcrekli devam ediyor. Hi\u00e7 durmadan devaml\u0131 olarak \u0131spanak kaz\u0131yoruz ve bu yakla\u015f\u0131k 8-9 ay kadar s\u00fcr\u00fcyor. G\u00fcn do\u011fmadan ba\u015fl\u0131yoruz hasada; ancak kasa hesab\u0131 oldu\u011fu i\u00e7in eve biraz daha erken d\u00f6n\u00fcyoruz. Genellikle saat 11.00-12.00, en ge\u00e7 \u00f6\u011fle vakitlerinde eve var\u0131yoruz. \u0130\u015fimiz \u00e7ok \u00e7aba isteyen, yorucu bir i\u015f; \u00e7\u00fcnk\u00fc hi\u00e7 soluk almadan s\u00fcrekli kaz\u0131yoruz. G\u00fcnl\u00fck yevmiyemiz ise 800 TL, oysa day\u0131ba\u015f\u0131 ile gidenler 770 TL al\u0131yor; biz ise day\u0131ba\u015f\u0131yla de\u011fil, direkt patronla anla\u015farak 800 TL al\u0131yoruz.&#8221; dedi. Ispana\u011f\u0131 sevdi\u011fini aktaran Bora,  &#8220;\u00c7\u00fcnk\u00fc \u00e7ok lezzetli. B\u00f6re\u011fi g\u00fczel, yeme\u011fi g\u00fczel, pirinci her \u015feyi g\u00fczel; dolay\u0131s\u0131yla \u0131spanak herkes taraf\u0131ndan seviliyor. Ispanak b\u00f6re\u011fi \u00f6zellikle g\u00fczel oluyor ve me\u015fhurdur; bu y\u00fczden ev a\u00e7mas\u0131 olarak b\u00f6re\u011fi tavsiye ediyoruz. Bu k\u0131\u015f bol bol yiyin&#8221; ifadelerini kulland\u0131.<br \/><\/p>\n","protected":false},"excerpt":{"rendered":"<p>\u0130zmir\u2019in Menemen il\u00e7esinde k\u0131\u015f aylar\u0131n\u0131n vazge\u00e7ilmez sebzelerinden \u0131spana\u011f\u0131n hasad\u0131 devam ediyor. Gediz Ovas\u0131\u2019n\u0131n verimli topraklar\u0131nda y\u00fcksek rekolte elde eden \u00e7ift\u00e7iler, \u00fcr\u00fcn\u00fcn tarladan pazara kadar fiyat\u0131n\u0131n artmas\u0131ndan \u015fikayet ediyor. \u0130zmir\u2019in \u00f6nemli tar\u0131m merkezlerinden biri olan Menemen\u2019de \u0131spanak hasad\u0131 s\u00fcr\u00fcyor. A\u011fustos ay\u0131nda ekimi yap\u0131lan \u0131spanak, kas\u0131m ay\u0131 itibar\u0131yla tarlalardan toplanmaya ba\u015fland\u0131. K\u0131\u015f aylar\u0131n\u0131n vazge\u00e7ilmez sebzesi olan \u0131spana\u011f\u0131n&#8230;<\/p>\n","protected":false},"author":1,"featured_media":67296,"comment_status":"open","ping_status":"open","sticky":false,"template":"","format":"standard","meta":{"_crdt_document":"","footnotes":""},"categories":[125],"tags":[],"class_list":["post-67295","post","type-post","status-publish","format-standard","has-post-thumbnail","hentry","category-ekonomi"],"_links":{"self":[{"href":"https:\/\/www.egemtv.com\/index.php?rest_route=\/wp\/v2\/posts\/67295","targetHints":{"allow":["GET"]}}],"collection":[{"href":"https:\/\/www.egemtv.com\/index.php?rest_route=\/wp\/v2\/posts"}],"about":[{"href":"https:\/\/www.egemtv.com\/index.php?rest_route=\/wp\/v2\/types\/post"}],"author":[{"embeddable":true,"href":"https:\/\/www.egemtv.com\/index.php?rest_route=\/wp\/v2\/users\/1"}],"replies":[{"embeddable":true,"href":"https:\/\/www.egemtv.com\/index.php?rest_route=%2Fwp%2Fv2%2Fcomments&post=67295"}],"version-history":[{"count":1,"href":"https:\/\/www.egemtv.com\/index.php?rest_route=\/wp\/v2\/posts\/67295\/revisions"}],"predecessor-version":[{"id":67297,"href":"https:\/\/www.egemtv.com\/index.php?rest_route=\/wp\/v2\/posts\/67295\/revisions\/67297"}],"wp:featuredmedia":[{"embeddable":true,"href":"https:\/\/www.egemtv.com\/index.php?rest_route=\/wp\/v2\/media\/67296"}],"wp:attachment":[{"href":"https:\/\/www.egemtv.com\/index.php?rest_route=%2Fwp%2Fv2%2Fmedia&parent=67295"}],"wp:term":[{"taxonomy":"category","embeddable":true,"href":"https:\/\/www.egemtv.com\/index.php?rest_route=%2Fwp%2Fv2%2Fcategories&post=67295"},{"taxonomy":"post_tag","embeddable":true,"href":"https:\/\/www.egemtv.com\/index.php?rest_route=%2Fwp%2Fv2%2Ftags&post=67295"}],"curies":[{"name":"wp","href":"https:\/\/api.w.org\/{rel}","templated":true}]}}