{"id":67292,"date":"2025-11-12T10:35:01","date_gmt":"2025-11-12T07:35:01","guid":{"rendered":"https:\/\/www.egemtv.com\/?p=67292"},"modified":"2025-11-12T10:35:02","modified_gmt":"2025-11-12T07:35:02","slug":"aydin-aciklarinda-30-duzensiz-gocmen-kurtarildi","status":"publish","type":"post","link":"https:\/\/www.egemtv.com\/?p=67292","title":{"rendered":"Ayd\u0131n a\u00e7\u0131klar\u0131nda 30 d\u00fczensiz g\u00f6\u00e7men kurtar\u0131ld\u0131"},"content":{"rendered":"<p>Ayd\u0131n\u2019\u0131n Didim il\u00e7esi a\u00e7\u0131klar\u0131nda 10\u2019u \u00e7ocuk 30 d\u00fczensiz g\u00f6\u00e7men kurtar\u0131l\u0131rken, 2 g\u00f6\u00e7men ka\u00e7ak\u00e7\u0131s\u0131 \u015f\u00fcphelisi de yakaland\u0131.<\/p>\n<p>Ayd\u0131n\u2019\u0131n Didim ve Ku\u015fadas\u0131 a\u00e7\u0131klar\u0131ndan lastik bot veya can sallar\u0131 ile Yunanistan\u2019a ge\u00e7meye \u00e7al\u0131\u015fan d\u00fczensiz g\u00f6\u00e7menlere y\u00f6nelik \u00e7al\u0131\u015fmalar aral\u0131ks\u0131z devam ediyor. Edinilen bilgiye g\u00f6re sahil g\u00fcvenlik ekipleri Didim il\u00e7esi a\u00e7\u0131klar\u0131nda lastik bot i\u00e7erisinde bir grup d\u00fczensiz g\u00f6\u00e7men oldu\u011funun bilgisine ula\u015ft\u0131. Bunun \u00fczerine b\u00f6lgeye Sahil G\u00fcvenlik Gemisi ve Sahil G\u00fcvenlik Botu sevk edildi. K\u0131sa s\u00fcrede b\u00f6lgeye gelen ekipler, Yunanistan unsurlar\u0131nca T\u00fcrk karasular\u0131na geri itilen fiber karinal\u0131 lastik bot i\u00e7erisindeki 10\u2019u \u00e7ocuk 30 d\u00fczensiz g\u00f6\u00e7meni kurtar\u0131rken, 2 g\u00f6\u00e7men ka\u00e7ak\u00e7\u0131s\u0131 \u015f\u00fcphelisini de yakalad\u0131. Kurtar\u0131lan d\u00fczensiz g\u00f6\u00e7menler gerekli sa\u011fl\u0131k kontrollerinin ard\u0131ndan Ayd\u0131n D\u00fczensiz G\u00f6\u00e7men \u00d6n Kabul ve Sevk Merkezi\u2019ne (G\u00d6KSEM) teslim edilirken, 2 \u015f\u00fcpheli hakk\u0131nda da adli i\u015flem ba\u015flat\u0131ld\u0131.<br \/><\/p>\n","protected":false},"excerpt":{"rendered":"<p>Ayd\u0131n\u2019\u0131n Didim il\u00e7esi a\u00e7\u0131klar\u0131nda 10\u2019u \u00e7ocuk 30 d\u00fczensiz g\u00f6\u00e7men kurtar\u0131l\u0131rken, 2 g\u00f6\u00e7men ka\u00e7ak\u00e7\u0131s\u0131 \u015f\u00fcphelisi de yakaland\u0131. Ayd\u0131n\u2019\u0131n Didim ve Ku\u015fadas\u0131 a\u00e7\u0131klar\u0131ndan lastik bot veya can sallar\u0131 ile Yunanistan\u2019a ge\u00e7meye \u00e7al\u0131\u015fan d\u00fczensiz g\u00f6\u00e7menlere y\u00f6nelik \u00e7al\u0131\u015fmalar aral\u0131ks\u0131z devam ediyor. Edinilen bilgiye g\u00f6re sahil g\u00fcvenlik ekipleri Didim il\u00e7esi a\u00e7\u0131klar\u0131nda lastik bot i\u00e7erisinde bir grup d\u00fczensiz g\u00f6\u00e7men oldu\u011funun bilgisine&#8230;<\/p>\n","protected":false},"author":1,"featured_media":67293,"comment_status":"open","ping_status":"open","sticky":false,"template":"","format":"standard","meta":{"_crdt_document":"","footnotes":""},"categories":[5],"tags":[],"class_list":["post-67292","post","type-post","status-publish","format-standard","has-post-thumbnail","hentry","category-asayis"],"_links":{"self":[{"href":"https:\/\/www.egemtv.com\/index.php?rest_route=\/wp\/v2\/posts\/67292","targetHints":{"allow":["GET"]}}],"collection":[{"href":"https:\/\/www.egemtv.com\/index.php?rest_route=\/wp\/v2\/posts"}],"about":[{"href":"https:\/\/www.egemtv.com\/index.php?rest_route=\/wp\/v2\/types\/post"}],"author":[{"embeddable":true,"href":"https:\/\/www.egemtv.com\/index.php?rest_route=\/wp\/v2\/users\/1"}],"replies":[{"embeddable":true,"href":"https:\/\/www.egemtv.com\/index.php?rest_route=%2Fwp%2Fv2%2Fcomments&post=67292"}],"version-history":[{"count":1,"href":"https:\/\/www.egemtv.com\/index.php?rest_route=\/wp\/v2\/posts\/67292\/revisions"}],"predecessor-version":[{"id":67294,"href":"https:\/\/www.egemtv.com\/index.php?rest_route=\/wp\/v2\/posts\/67292\/revisions\/67294"}],"wp:featuredmedia":[{"embeddable":true,"href":"https:\/\/www.egemtv.com\/index.php?rest_route=\/wp\/v2\/media\/67293"}],"wp:attachment":[{"href":"https:\/\/www.egemtv.com\/index.php?rest_route=%2Fwp%2Fv2%2Fmedia&parent=67292"}],"wp:term":[{"taxonomy":"category","embeddable":true,"href":"https:\/\/www.egemtv.com\/index.php?rest_route=%2Fwp%2Fv2%2Fcategories&post=67292"},{"taxonomy":"post_tag","embeddable":true,"href":"https:\/\/www.egemtv.com\/index.php?rest_route=%2Fwp%2Fv2%2Ftags&post=67292"}],"curies":[{"name":"wp","href":"https:\/\/api.w.org\/{rel}","templated":true}]}}