{"id":67289,"date":"2025-11-12T10:35:00","date_gmt":"2025-11-12T07:35:00","guid":{"rendered":"https:\/\/www.egemtv.com\/?p=67289"},"modified":"2025-11-12T10:35:01","modified_gmt":"2025-11-12T07:35:01","slug":"85-yasindaki-ibrahim-dede-hayir-bahcesinde-yetistirdigi-meyve-ve-sebzeleri-ucretsiz-ikram-ediyor","status":"publish","type":"post","link":"https:\/\/www.egemtv.com\/?p=67289","title":{"rendered":"85 ya\u015f\u0131ndaki \u0130brahim dede &#8220;Hay\u0131r Bah\u00e7esi&#8221;nde yeti\u015ftirdi\u011fi meyve ve sebzeleri \u00fccretsiz ikram ediyor"},"content":{"rendered":"<p>Isparta\u2019n\u0131n Sav beldesinde ya\u015fayan 85 ya\u015f\u0131ndaki \u0130brahim \u00c7akmak\u00e7\u0131, 15 y\u0131l \u00f6nce trafik kazas\u0131nda hayat\u0131n\u0131 kaybeden e\u015fiyle birlikte kurdu\u011fu \u2018Hay\u0131r Bah\u00e7esi\u2019nde 30 y\u0131ld\u0131r yeti\u015ftirdi\u011fi meyve ve sebzeleri \u00fccretsiz olarak yoldan ge\u00e7enler ve ziyaret\u00e7ilerle payla\u015f\u0131yor. K\u0131sa s\u00fcrede sosyal medyada b\u00fcy\u00fck ilgi g\u00f6ren \u0130brahim dedenin tek hedefi ise bah\u00e7esinin y\u0131ll\u0131k 5 bin ziyaret\u00e7iye ula\u015fmas\u0131.<br \/>\n<br \/>Isparta\u2019n\u0131n Sav beldesinde ya\u015fayan 85 ya\u015f\u0131ndaki \u0130brahim \u00c7akmak\u00e7\u0131, 1995 y\u0131l\u0131nda emekli olduktan sonra e\u015fiyle birlikte &#8220;Hay\u0131r Bah\u00e7esi&#8221; ad\u0131n\u0131 verdi\u011fi bir bah\u00e7e kurdu. \u00c7akmak\u00e7\u0131, o g\u00fcnden bu yana bah\u00e7esinde yeti\u015ftirdi\u011fi meyve ve sebzeleri yoldan ge\u00e7en ya da bah\u00e7esini ziyarete gelenlerle \u00fccretsiz olarak payla\u015f\u0131yor. Y\u0131l\u0131n b\u00fcy\u00fck bir b\u00f6l\u00fcm\u00fcnde ziyaret\u00e7ilerine kap\u0131lar\u0131n\u0131 a\u00e7\u0131k tutan \u00c7akmak\u00e7\u0131, her mevsim farkl\u0131 \u00fcr\u00fcnler ekerek bah\u00e7esini canl\u0131 tutuyor. Bu y\u0131l \u00f6zellikle \u00e7ilek hasad\u0131na odakland\u0131\u011f\u0131n\u0131 belirten \u0130brahim dede, &#8220;Bu y\u0131l herkesi \u00e7ile\u011fe doyuraca\u011f\u0131m&#8221; diyerek gelen misafirlerine hem ikramda bulunuyor hem de g\u00f6n\u00fcl sohbetiyle u\u011furluyor. Sosyal medyada k\u0131sa s\u00fcrede fenomen h\u00e2line gelen &#8220;Hay\u0131r Bah\u00e7esi&#8221; T\u00fcrkiye\u2019nin d\u00f6rt bir yan\u0131ndan ziyaret\u00e7i \u00e7ekmeye ba\u015flarken, ziyaret\u00e7ilerin yo\u011fun ilgisinden memnun oldu\u011funu belirten \u0130brahim dede hedefinin y\u0131ll\u0131k 5 bin ziyaret\u00e7iye ula\u015fmak oldu\u011funu dile getirdi.<\/p>\n<p>&#8220;Allah\u2019\u0131n bana verdi\u011fi bu nimetleri misafirlerimle payla\u015fmak istedim&#8221;<br \/>\n<br \/>\u0130brahim \u00c7akmak\u00e7\u0131, &#8220;Biz 1995 y\u0131l\u0131nda bu bah\u00e7enin yap\u0131m\u0131na ba\u015flad\u0131k ve o g\u00fcnden bu yana hay\u0131rlara adad\u0131k. Ben fakir bir ailenin \u00e7ocu\u011fuyum. \u00c7al\u0131\u015ft\u0131m, \u00e7abalad\u0131m Cenab-\u0131 Allah bana \u00f6yle nimetler verdi ki en g\u00fczeli de bu bah\u00e7e oldu. Allah\u2019\u0131n bana verdi\u011fi bu nimetleri misafirlerimle payla\u015fmak istedim ve bu bah\u00e7eyi hay\u0131r i\u00e7in a\u00e7t\u0131k&#8221; dedi.<\/p>\n<p>&#8220;Buraya gelip bah\u00e7eden meyve yiyen herkese mal\u0131m helaldir&#8221;<br \/>\n<br \/>Bah\u00e7eye 15 y\u0131l boyunca e\u015fiyle birlikte bakt\u0131\u011f\u0131n\u0131 dile getiren \u00c7akmak\u00e7\u0131, &#8220;Han\u0131m\u0131m \u00e7ok gayretli ve hevesli bir insand\u0131, bu topraklar\u0131n her kar\u0131\u015f\u0131nda onun eme\u011fi var. Ancak ne yaz\u0131k ki 2010 y\u0131l\u0131nda kendisini bir trafik kazas\u0131nda kaybettim. O g\u00fcnden sonra bu bah\u00e7eyi daha \u00e7ok benimsedim ve son 15 y\u0131ld\u0131r tek ba\u015f\u0131ma ilgileniyorum. Biz 30 y\u0131l \u00f6nce bu bah\u00e7eden \u00e7ok kazan\u00e7 elde ettik. Sonra kendi kendimize dedik ki, \u2018Bug\u00fcne kadar bu bah\u00e7eden \u00e7ok ekmek yedik, art\u0131k bu bah\u00e7e hay\u0131rlara vesile olsun.\u2019 \u00dclkenin her yerinden gelen ziyaret\u00e7ilerin burada g\u00f6n\u00fcllerince faydalanmas\u0131n\u0131 istedim. Buraya gelip bah\u00e7eden meyve yiyen herkese mal\u0131m helaldir&#8221; \u015feklinde konu\u015ftu.<\/p>\n<p>&#8220;Tek hedefim bu bah\u00e7ede y\u0131ll\u0131k 5 bin ziyaret\u00e7i a\u011f\u0131rlamak&#8221;<br \/>\n<br \/>Tek hedefi oldu\u011funu ifade eden \u00c7akmak\u00e7\u0131, &#8220;Bu bah\u00e7ede bir y\u0131lda 5 bin misafiri a\u011f\u0131rlamak istiyorum. Bu y\u0131l toplam 2 bin 500 ki\u015fi bizi ziyaret etti ama bu say\u0131y\u0131 5 bine \u00e7\u0131karmay\u0131 hedefliyorum. Buras\u0131 toplam 5 d\u00f6n\u00fcm ve i\u00e7inde 60 kiraz a\u011fac\u0131, 95 cennet elmas\u0131 a\u011fac\u0131 ile 2 bin 500 k\u00f6k \u00e7ilek var. Bunlar\u0131n hepsi misafirlerim i\u00e7in. \u00c7ilek say\u0131s\u0131n\u0131 5 bine \u00e7\u0131karmak istiyorum; gelen misafirler \u00e7ile\u011fe doysun. Ziyaret\u00e7iler beni her geldi\u011finde g\u00fcler y\u00fczle kar\u015f\u0131l\u0131yor. Onlar\u0131 mutlu g\u00f6rd\u00fck\u00e7e ben de \u00e7ok mutlu oluyorum. Hepsinin hay\u0131r duas\u0131n\u0131 almak bana yetiyor. Gelen herkesin tekrar tekrar gelmesi i\u00e7in elimden geleni yap\u0131yorum. Buradan bizi g\u00f6ren herkese sesleniyorum: E\u015finizi, dostunuzu, akrabalar\u0131n\u0131z\u0131 al\u0131n gelin ki, 5 bin ziyaret\u00e7i hedefim ger\u00e7ekle\u015fsin&#8221; dedi.<\/p>\n<p>&#8220;\u0130brahim dedeyi internette tesad\u00fcfen tan\u0131d\u0131k ve kendisini ziyarete geldik&#8221;<br \/>\n<br \/>Sosyal medyada \u0130brahim dedenin bah\u00e7esiyle kar\u015f\u0131la\u015ft\u0131ktan sonra \u0130stanbul\u2019dan ailesiyle birlikte Sav kasabas\u0131na ziyarete gelen Mustafa Bozkurt, &#8220;Ben \u0130stanbul\u2019da ya\u015f\u0131yorum, i\u015f yerim Be\u015fikta\u015f\u2019ta. \u0130brahim dedeyi internette tesad\u00fcfen tan\u0131d\u0131k ve kendisini ziyarete geldik. \u0130lk g\u00f6rd\u00fc\u011f\u00fcmde \u00e7ok etkilendim. \u0130brahim a\u011fabeyin bu yakla\u015f\u0131m\u0131 bizi derinden etkiledi ve adeta ge\u00e7mi\u015fe, rahmetli babama kadar g\u00f6t\u00fcrd\u00fc. Babam da ayn\u0131 \u015fekilde yard\u0131msever ve ileri g\u00f6r\u00fc\u015fl\u00fc bir insand\u0131. Bu nedenle \u0130brahim dedeye kar\u015f\u0131 i\u00e7ten bir s\u0131cakl\u0131k hissettim ve kilometrelerce yol katedip onu g\u00f6rmek istedim&#8221; \u015feklinde konu\u015ftu.<\/p>\n<p>&#8220;Allah \u0130brahim dedeye uzun \u00f6m\u00fcr versin&#8221;<br \/>\n<br \/>&#8220;B\u00f6yle hayat pahal\u0131l\u0131\u011f\u0131n\u0131n ya\u015fand\u0131\u011f\u0131 bir d\u00f6nemde \u0130brahim amcan\u0131n manevi de\u011ferlere bu kadar sahip \u00e7\u0131kmas\u0131, insanlara bah\u00e7esini a\u00e7\u0131p \u00fcr\u00fcnlerini \u00fccretsiz ikram etmesi ger\u00e7ekten kelimelerle anlat\u0131lamaz bir davran\u0131\u015f&#8221; diyen Bozkurt, &#8220;Bence kasaban\u0131n ortas\u0131na \u0130brahim dedenin bir an\u0131t\u0131n\u0131 dikmek laz\u0131m. Herkesin onu \u00f6rnek almas\u0131 gerekiyor. Allah \u0130brahim dedeye uzun \u00f6m\u00fcrler versin&#8221; diyerek \u0130brahim dedenin elini \u00f6pt\u00fc.<br \/><\/p>\n","protected":false},"excerpt":{"rendered":"<p>Isparta\u2019n\u0131n Sav beldesinde ya\u015fayan 85 ya\u015f\u0131ndaki \u0130brahim \u00c7akmak\u00e7\u0131, 15 y\u0131l \u00f6nce trafik kazas\u0131nda hayat\u0131n\u0131 kaybeden e\u015fiyle birlikte kurdu\u011fu \u2018Hay\u0131r Bah\u00e7esi\u2019nde 30 y\u0131ld\u0131r yeti\u015ftirdi\u011fi meyve ve sebzeleri \u00fccretsiz olarak yoldan ge\u00e7enler ve ziyaret\u00e7ilerle payla\u015f\u0131yor. K\u0131sa s\u00fcrede sosyal medyada b\u00fcy\u00fck ilgi g\u00f6ren \u0130brahim dedenin tek hedefi ise bah\u00e7esinin y\u0131ll\u0131k 5 bin ziyaret\u00e7iye ula\u015fmas\u0131. Isparta\u2019n\u0131n Sav beldesinde ya\u015fayan&#8230;<\/p>\n","protected":false},"author":1,"featured_media":67290,"comment_status":"open","ping_status":"open","sticky":false,"template":"","format":"standard","meta":{"_crdt_document":"","footnotes":""},"categories":[123],"tags":[],"class_list":["post-67289","post","type-post","status-publish","format-standard","has-post-thumbnail","hentry","category-gundem"],"_links":{"self":[{"href":"https:\/\/www.egemtv.com\/index.php?rest_route=\/wp\/v2\/posts\/67289","targetHints":{"allow":["GET"]}}],"collection":[{"href":"https:\/\/www.egemtv.com\/index.php?rest_route=\/wp\/v2\/posts"}],"about":[{"href":"https:\/\/www.egemtv.com\/index.php?rest_route=\/wp\/v2\/types\/post"}],"author":[{"embeddable":true,"href":"https:\/\/www.egemtv.com\/index.php?rest_route=\/wp\/v2\/users\/1"}],"replies":[{"embeddable":true,"href":"https:\/\/www.egemtv.com\/index.php?rest_route=%2Fwp%2Fv2%2Fcomments&post=67289"}],"version-history":[{"count":1,"href":"https:\/\/www.egemtv.com\/index.php?rest_route=\/wp\/v2\/posts\/67289\/revisions"}],"predecessor-version":[{"id":67291,"href":"https:\/\/www.egemtv.com\/index.php?rest_route=\/wp\/v2\/posts\/67289\/revisions\/67291"}],"wp:featuredmedia":[{"embeddable":true,"href":"https:\/\/www.egemtv.com\/index.php?rest_route=\/wp\/v2\/media\/67290"}],"wp:attachment":[{"href":"https:\/\/www.egemtv.com\/index.php?rest_route=%2Fwp%2Fv2%2Fmedia&parent=67289"}],"wp:term":[{"taxonomy":"category","embeddable":true,"href":"https:\/\/www.egemtv.com\/index.php?rest_route=%2Fwp%2Fv2%2Fcategories&post=67289"},{"taxonomy":"post_tag","embeddable":true,"href":"https:\/\/www.egemtv.com\/index.php?rest_route=%2Fwp%2Fv2%2Ftags&post=67289"}],"curies":[{"name":"wp","href":"https:\/\/api.w.org\/{rel}","templated":true}]}}