{"id":67286,"date":"2025-11-12T10:15:00","date_gmt":"2025-11-12T07:15:00","guid":{"rendered":"https:\/\/www.egemtv.com\/?p=67286"},"modified":"2025-11-12T10:15:01","modified_gmt":"2025-11-12T07:15:01","slug":"denizlide-zehir-taciri-ve-aranan-sahsi-yakalayan-mahalle-bekcileri-odullendirildi","status":"publish","type":"post","link":"https:\/\/www.egemtv.com\/?p=67286","title":{"rendered":"Denizli\u2019de zehir taciri ve aranan \u015fahs\u0131 yakalayan mahalle bek\u00e7ileri \u00f6d\u00fcllendirildi"},"content":{"rendered":"<p>Denizli\u2019de devriye g\u00f6revleri s\u0131ras\u0131nda yapt\u0131klar\u0131 \u00e7al\u0131\u015fmalar s\u0131ras\u0131nda kesinle\u015fmi\u015f hapis cezas\u0131 ile aranan bir \u015fahs\u0131 ve zehir tacirli\u011fi yapan \u015fahs\u0131 \u00fczerinde \u00e7ok say\u0131da uyu\u015fturucu madde ile yakalayan \u00e7ar\u015f\u0131 ve mahalle bek\u00e7ileri Emniyet M\u00fcd\u00fcr\u00fc Yavuz Sa\u011fd\u0131\u00e7 taraf\u0131ndan \u00f6d\u00fcllendirildi.<br \/>\n<br \/>Denizli\u2019de devriye g\u00f6revleri s\u0131ras\u0131nda bir \u015fah\u0131stan \u015f\u00fcphelenerek durduran \u00e7ar\u015f\u0131 ve mahalle bek\u00e7ileri yapt\u0131klar\u0131 kontroller s\u0131ras\u0131nda \u015f\u00fcpheli \u015fahs\u0131n \u00fczerinde 644 kullan\u0131ml\u0131k sentetik kannabinoid maddesi ele ge\u00e7irdi. yine \u00e7ar\u015f\u0131 ve mahalle bek\u00e7ileri \u015f\u00fcphelendikleri \u015f\u00fcpheli \u015fahs\u0131n Genel Bilgi Toplama (GBT) sorgulamas\u0131 s\u0131ras\u0131nda 26 ayr\u0131 su\u00e7tan 29 y\u0131l 5 ay kesinle\u015fmi\u015f hapis cezas\u0131 ile arand\u0131\u011f\u0131n\u0131 tespit etti. Firari \u015f\u00fcpheli \u00e7ar\u015f\u0131 ve mahalle bek\u00e7ileri taraf\u0131ndan yakaland\u0131. G\u00f6sterdikleri \u00f6zverili ve dikkatli \u00e7al\u0131\u015fmalar\u0131yla dikkat \u00e7eken \u00e7ar\u015f\u0131 ve mahalle bek\u00e7ileri \u0130l Emniyet M\u00fcd\u00fcr\u00fc Yavuz Sa\u011fd\u0131\u00e7 taraf\u0131ndan su\u00e7 ve su\u00e7lularla m\u00fccadelede \u00fcst\u00fcn gayret g\u00f6stermeleri sebebiyle Ba\u015far\u0131 Belgesi ile \u00f6d\u00fcllendirdi.<br \/><\/p>\n","protected":false},"excerpt":{"rendered":"<p>Denizli\u2019de devriye g\u00f6revleri s\u0131ras\u0131nda yapt\u0131klar\u0131 \u00e7al\u0131\u015fmalar s\u0131ras\u0131nda kesinle\u015fmi\u015f hapis cezas\u0131 ile aranan bir \u015fahs\u0131 ve zehir tacirli\u011fi yapan \u015fahs\u0131 \u00fczerinde \u00e7ok say\u0131da uyu\u015fturucu madde ile yakalayan \u00e7ar\u015f\u0131 ve mahalle bek\u00e7ileri Emniyet M\u00fcd\u00fcr\u00fc Yavuz Sa\u011fd\u0131\u00e7 taraf\u0131ndan \u00f6d\u00fcllendirildi. Denizli\u2019de devriye g\u00f6revleri s\u0131ras\u0131nda bir \u015fah\u0131stan \u015f\u00fcphelenerek durduran \u00e7ar\u015f\u0131 ve mahalle bek\u00e7ileri yapt\u0131klar\u0131 kontroller s\u0131ras\u0131nda \u015f\u00fcpheli \u015fahs\u0131n \u00fczerinde 644&#8230;<\/p>\n","protected":false},"author":1,"featured_media":67287,"comment_status":"open","ping_status":"open","sticky":false,"template":"","format":"standard","meta":{"_crdt_document":"","footnotes":""},"categories":[5],"tags":[],"class_list":["post-67286","post","type-post","status-publish","format-standard","has-post-thumbnail","hentry","category-asayis"],"_links":{"self":[{"href":"https:\/\/www.egemtv.com\/index.php?rest_route=\/wp\/v2\/posts\/67286","targetHints":{"allow":["GET"]}}],"collection":[{"href":"https:\/\/www.egemtv.com\/index.php?rest_route=\/wp\/v2\/posts"}],"about":[{"href":"https:\/\/www.egemtv.com\/index.php?rest_route=\/wp\/v2\/types\/post"}],"author":[{"embeddable":true,"href":"https:\/\/www.egemtv.com\/index.php?rest_route=\/wp\/v2\/users\/1"}],"replies":[{"embeddable":true,"href":"https:\/\/www.egemtv.com\/index.php?rest_route=%2Fwp%2Fv2%2Fcomments&post=67286"}],"version-history":[{"count":1,"href":"https:\/\/www.egemtv.com\/index.php?rest_route=\/wp\/v2\/posts\/67286\/revisions"}],"predecessor-version":[{"id":67288,"href":"https:\/\/www.egemtv.com\/index.php?rest_route=\/wp\/v2\/posts\/67286\/revisions\/67288"}],"wp:featuredmedia":[{"embeddable":true,"href":"https:\/\/www.egemtv.com\/index.php?rest_route=\/wp\/v2\/media\/67287"}],"wp:attachment":[{"href":"https:\/\/www.egemtv.com\/index.php?rest_route=%2Fwp%2Fv2%2Fmedia&parent=67286"}],"wp:term":[{"taxonomy":"category","embeddable":true,"href":"https:\/\/www.egemtv.com\/index.php?rest_route=%2Fwp%2Fv2%2Fcategories&post=67286"},{"taxonomy":"post_tag","embeddable":true,"href":"https:\/\/www.egemtv.com\/index.php?rest_route=%2Fwp%2Fv2%2Ftags&post=67286"}],"curies":[{"name":"wp","href":"https:\/\/api.w.org\/{rel}","templated":true}]}}