{"id":67283,"date":"2025-11-12T09:54:44","date_gmt":"2025-11-12T06:54:44","guid":{"rendered":"https:\/\/www.egemtv.com\/?p=67283"},"modified":"2025-11-12T09:54:44","modified_gmt":"2025-11-12T06:54:44","slug":"civril-belediyesi-sap-hastaligina-karsi-ciftcinin-yaninda","status":"publish","type":"post","link":"https:\/\/www.egemtv.com\/?p=67283","title":{"rendered":"\u00c7ivril Belediyesi \u015fap hastal\u0131\u011f\u0131na kar\u015f\u0131 \u00e7ift\u00e7inin yan\u0131nda"},"content":{"rendered":"<p>Denizli\u2019nin \u00c7ivril il\u00e7esinde artan \u015fap hastal\u0131\u011f\u0131 ile m\u00fccadele kapsam\u0131nda yeti\u015ftiricilere \u00c7ivril Belediyesi taraf\u0131ndan dezenfektan da\u011f\u0131t\u0131m\u0131na ba\u015fland\u0131. Kentte \u00f6rnek bir uygulama ba\u015flatt\u0131klar\u0131n\u0131 ifade eden \u00c7ivril Belediye Ba\u015fkan\u0131 Semih Dere, &#8220;\u0130l\u00e7emizde bir ilke imza att\u0131k. Mahallelerimizde besicilikle u\u011fra\u015fan ailelerimize dezenfektan da\u011f\u0131t\u0131m\u0131na ba\u015flad\u0131k&#8221; dedi.<\/p>\n<p>\u00c7ivril Belediyesi, il\u00e7ede g\u00f6r\u00fclen \u015fap hastal\u0131\u011f\u0131na kar\u015f\u0131 etkin m\u00fccadeleyi kararl\u0131l\u0131kla s\u00fcrd\u00fcr\u00fcyor. \u015eap ile m\u00fccadelede besicilerin yan\u0131nda olan \u00c7ivril Belediyesi, bu kapsamda il\u00e7ede ilk kez \u00f6rnek bir uygulama ba\u015flatt\u0131. Veteriner Hizmetleri  ekipleriyle birlikte y\u00fcr\u00fct\u00fclen \u00e7al\u0131\u015fmalarda, Belediye Ba\u015fkan\u0131 Semih Dere de sahaya inerek mahalle mahalle dola\u015f\u0131p yeti\u015ftiricilere dezenfektanlar\u0131 bizzat da\u011f\u0131tt\u0131.<\/p>\n<p>\u015eap ile ilgili il\u00e7ede ba\u015flatt\u0131klar\u0131 \u00f6rnek uygulama hakk\u0131nda a\u00e7\u0131klama yapan Ba\u015fkan Semih Dere,  &#8220;\u00c7ivril\u2019de etkili olan \u015fap hastal\u0131\u011f\u0131 nedeniyle ma\u011fduriyet ya\u015fayan besicilerimize destek olmak amac\u0131yla \u00c7ivril Belediyesi olarak il\u00e7ede bir ilke imza atarak t\u00fcm mahallelerimizde besicilikle u\u011fra\u015fan ailelerimize dezenfektan da\u011f\u0131t\u0131m\u0131na ba\u015flad\u0131k. Bu yolla hem mevcut hastal\u0131\u011f\u0131n yay\u0131lmas\u0131n\u0131 engelliyor hem de yeni vakalar\u0131n \u00f6n\u00fcne ge\u00e7iyoruz. \u00c7evre sa\u011fl\u0131\u011f\u0131n\u0131 korumak i\u00e7in \u00f6len hayvanlar\u0131n g\u00f6m\u00fclme i\u015flemlerini s\u00fcrd\u00fcr\u00fcyor, hastal\u0131\u011f\u0131n yay\u0131l\u0131m\u0131n\u0131 \u00f6nlemek i\u00e7in gerekli t\u00fcm \u00f6nlemleri al\u0131yoruz. Her \u015fartta hem\u015fehrilerimizin yan\u0131nda olmaya devam edece\u011fiz&#8221; dedi.<br \/><\/p>\n","protected":false},"excerpt":{"rendered":"<p>Denizli\u2019nin \u00c7ivril il\u00e7esinde artan \u015fap hastal\u0131\u011f\u0131 ile m\u00fccadele kapsam\u0131nda yeti\u015ftiricilere \u00c7ivril Belediyesi taraf\u0131ndan dezenfektan da\u011f\u0131t\u0131m\u0131na ba\u015fland\u0131. Kentte \u00f6rnek bir uygulama ba\u015flatt\u0131klar\u0131n\u0131 ifade eden \u00c7ivril Belediye Ba\u015fkan\u0131 Semih Dere, &#8220;\u0130l\u00e7emizde bir ilke imza att\u0131k. Mahallelerimizde besicilikle u\u011fra\u015fan ailelerimize dezenfektan da\u011f\u0131t\u0131m\u0131na ba\u015flad\u0131k&#8221; dedi. \u00c7ivril Belediyesi, il\u00e7ede g\u00f6r\u00fclen \u015fap hastal\u0131\u011f\u0131na kar\u015f\u0131 etkin m\u00fccadeleyi kararl\u0131l\u0131kla s\u00fcrd\u00fcr\u00fcyor. \u015eap ile m\u00fccadelede&#8230;<\/p>\n","protected":false},"author":1,"featured_media":67284,"comment_status":"open","ping_status":"open","sticky":false,"template":"","format":"standard","meta":{"_crdt_document":"","footnotes":""},"categories":[125],"tags":[],"class_list":["post-67283","post","type-post","status-publish","format-standard","has-post-thumbnail","hentry","category-ekonomi"],"_links":{"self":[{"href":"https:\/\/www.egemtv.com\/index.php?rest_route=\/wp\/v2\/posts\/67283","targetHints":{"allow":["GET"]}}],"collection":[{"href":"https:\/\/www.egemtv.com\/index.php?rest_route=\/wp\/v2\/posts"}],"about":[{"href":"https:\/\/www.egemtv.com\/index.php?rest_route=\/wp\/v2\/types\/post"}],"author":[{"embeddable":true,"href":"https:\/\/www.egemtv.com\/index.php?rest_route=\/wp\/v2\/users\/1"}],"replies":[{"embeddable":true,"href":"https:\/\/www.egemtv.com\/index.php?rest_route=%2Fwp%2Fv2%2Fcomments&post=67283"}],"version-history":[{"count":1,"href":"https:\/\/www.egemtv.com\/index.php?rest_route=\/wp\/v2\/posts\/67283\/revisions"}],"predecessor-version":[{"id":67285,"href":"https:\/\/www.egemtv.com\/index.php?rest_route=\/wp\/v2\/posts\/67283\/revisions\/67285"}],"wp:featuredmedia":[{"embeddable":true,"href":"https:\/\/www.egemtv.com\/index.php?rest_route=\/wp\/v2\/media\/67284"}],"wp:attachment":[{"href":"https:\/\/www.egemtv.com\/index.php?rest_route=%2Fwp%2Fv2%2Fmedia&parent=67283"}],"wp:term":[{"taxonomy":"category","embeddable":true,"href":"https:\/\/www.egemtv.com\/index.php?rest_route=%2Fwp%2Fv2%2Fcategories&post=67283"},{"taxonomy":"post_tag","embeddable":true,"href":"https:\/\/www.egemtv.com\/index.php?rest_route=%2Fwp%2Fv2%2Ftags&post=67283"}],"curies":[{"name":"wp","href":"https:\/\/api.w.org\/{rel}","templated":true}]}}