{"id":67280,"date":"2025-11-12T09:54:43","date_gmt":"2025-11-12T06:54:43","guid":{"rendered":"https:\/\/www.egemtv.com\/?p=67280"},"modified":"2025-11-12T09:54:44","modified_gmt":"2025-11-12T06:54:44","slug":"denizlide-halk-otobuslerinin-atesi-yukseldi","status":"publish","type":"post","link":"https:\/\/www.egemtv.com\/?p=67280","title":{"rendered":"Denizli\u2019de halk otob\u00fcslerinin ate\u015fi y\u00fckseldi"},"content":{"rendered":"<p>Denizli\u2019de b\u00fcy\u00fck\u015fehir belediyesine ait halk otob\u00fcslerinde son d\u00f6nemde artan yang\u0131nlar tedirginli\u011fe yol a\u00e7t\u0131.<\/p>\n<p>Denizli B\u00fcy\u00fck\u015fehir Belediyesi Ula\u015f\u0131m A.\u015e.\u2019ye ba\u011fl\u0131 olarak Merkezefendi ve Pamukkale il\u00e7elerinde sefer yapan halk otob\u00fcslerinde birbiri ard\u0131na ya\u015fanan yang\u0131nlar, vatanda\u015flar\u0131 tedirgin etti. Merkezefendi il\u00e7esine ba\u011fl\u0131 \u015eemikler Mahallesi\u2019nde ge\u00e7ti\u011fimiz hafta ya\u015fanan ve ara\u00e7taki yang\u0131n s\u00f6nd\u00fcrme t\u00fcp\u00fcn\u00fc bo\u015f \u00e7\u0131kmas\u0131 nedeniyle bir esnaf\u0131n getirdi\u011fi t\u00fcple s\u00f6nd\u00fcr\u00fclen yang\u0131n\u0131n ard\u0131ndan farkl\u0131 bir b\u00f6lge de daha yang\u0131n \u00e7\u0131kt\u0131.<br \/>\n<br \/>Halk otob\u00fcs\u00fcn\u00fcn motor k\u0131sm\u0131ndan y\u00fckselen dumanlar\u0131 g\u00f6ren vatanda\u015flar, \u015fof\u00f6r\u00fc uyard\u0131. Yolcular\u0131 tahliye eden s\u00fcr\u00fcc\u00fc, dumanlar\u0131n kaplad\u0131\u011f\u0131 arac\u0131 geri geriye kullanarak, g\u00fcvenli bir yere \u00e7ekti.<\/p>\n<p>Denizli B\u00fcy\u00fck\u015fehir Belediyesi Ula\u015f\u0131m A.\u015e.\u2019ye ait halk otob\u00fcslerinde yaz ayalar\u0131nda zaman zaman ya\u015fanan yang\u0131nlara al\u0131\u015fan vatanda\u015flar, havalar\u0131n so\u011fudu\u011fu son g\u00fcnlerde birbiri ard\u0131na ya\u015fanan hadiselere anlam veremedi. Denizlililer, b\u00fcy\u00fck\u015fehir belediyesinden g\u00fcvenli yolculuk yapabilmek ad\u0131na her g\u00fcn binlerce yolcu ta\u015f\u0131yan halk otob\u00fcslerinde gerekli tedbirin al\u0131nmas\u0131n\u0131 ve ara\u00e7 bak\u0131mlar\u0131n\u0131n d\u00fczenli olarak yap\u0131lmas\u0131n\u0131 talep etti.<br \/><\/p>\n","protected":false},"excerpt":{"rendered":"<p>Denizli\u2019de b\u00fcy\u00fck\u015fehir belediyesine ait halk otob\u00fcslerinde son d\u00f6nemde artan yang\u0131nlar tedirginli\u011fe yol a\u00e7t\u0131. Denizli B\u00fcy\u00fck\u015fehir Belediyesi Ula\u015f\u0131m A.\u015e.\u2019ye ba\u011fl\u0131 olarak Merkezefendi ve Pamukkale il\u00e7elerinde sefer yapan halk otob\u00fcslerinde birbiri ard\u0131na ya\u015fanan yang\u0131nlar, vatanda\u015flar\u0131 tedirgin etti. Merkezefendi il\u00e7esine ba\u011fl\u0131 \u015eemikler Mahallesi\u2019nde ge\u00e7ti\u011fimiz hafta ya\u015fanan ve ara\u00e7taki yang\u0131n s\u00f6nd\u00fcrme t\u00fcp\u00fcn\u00fc bo\u015f \u00e7\u0131kmas\u0131 nedeniyle bir esnaf\u0131n getirdi\u011fi t\u00fcple&#8230;<\/p>\n","protected":false},"author":1,"featured_media":67281,"comment_status":"open","ping_status":"open","sticky":false,"template":"","format":"standard","meta":{"_crdt_document":"","footnotes":""},"categories":[5],"tags":[],"class_list":["post-67280","post","type-post","status-publish","format-standard","has-post-thumbnail","hentry","category-asayis"],"_links":{"self":[{"href":"https:\/\/www.egemtv.com\/index.php?rest_route=\/wp\/v2\/posts\/67280","targetHints":{"allow":["GET"]}}],"collection":[{"href":"https:\/\/www.egemtv.com\/index.php?rest_route=\/wp\/v2\/posts"}],"about":[{"href":"https:\/\/www.egemtv.com\/index.php?rest_route=\/wp\/v2\/types\/post"}],"author":[{"embeddable":true,"href":"https:\/\/www.egemtv.com\/index.php?rest_route=\/wp\/v2\/users\/1"}],"replies":[{"embeddable":true,"href":"https:\/\/www.egemtv.com\/index.php?rest_route=%2Fwp%2Fv2%2Fcomments&post=67280"}],"version-history":[{"count":1,"href":"https:\/\/www.egemtv.com\/index.php?rest_route=\/wp\/v2\/posts\/67280\/revisions"}],"predecessor-version":[{"id":67282,"href":"https:\/\/www.egemtv.com\/index.php?rest_route=\/wp\/v2\/posts\/67280\/revisions\/67282"}],"wp:featuredmedia":[{"embeddable":true,"href":"https:\/\/www.egemtv.com\/index.php?rest_route=\/wp\/v2\/media\/67281"}],"wp:attachment":[{"href":"https:\/\/www.egemtv.com\/index.php?rest_route=%2Fwp%2Fv2%2Fmedia&parent=67280"}],"wp:term":[{"taxonomy":"category","embeddable":true,"href":"https:\/\/www.egemtv.com\/index.php?rest_route=%2Fwp%2Fv2%2Fcategories&post=67280"},{"taxonomy":"post_tag","embeddable":true,"href":"https:\/\/www.egemtv.com\/index.php?rest_route=%2Fwp%2Fv2%2Ftags&post=67280"}],"curies":[{"name":"wp","href":"https:\/\/api.w.org\/{rel}","templated":true}]}}