{"id":67277,"date":"2025-11-12T09:34:57","date_gmt":"2025-11-12T06:34:57","guid":{"rendered":"https:\/\/www.egemtv.com\/?p=67277"},"modified":"2025-11-12T09:34:58","modified_gmt":"2025-11-12T06:34:58","slug":"aduden-ogretmen-egitiminde-sanal-gerceklik-donemi-basladi","status":"publish","type":"post","link":"https:\/\/www.egemtv.com\/?p=67277","title":{"rendered":"AD\u00dc\u2019den \u00f6\u011fretmen e\u011fitiminde sanal ger\u00e7eklik d\u00f6nemi ba\u015flad\u0131"},"content":{"rendered":"<p>AD\u00dc E\u011fitim Fak\u00fcltesi b\u00fcnyesindeki e-B\u0130DALAB, Masaryk \u00dcniversitesi i\u015f birli\u011fiyle ger\u00e7ekle\u015ftirdi\u011fi ilk pilot \u00e7al\u0131\u015fma ile sanal ger\u00e7eklik temelli \u00f6\u011fretmen e\u011fitiminde T\u00fcrkiye\u2019de \u00f6nc\u00fc ad\u0131m att\u0131.<\/p>\n<p>Ayd\u0131n Adnan Menderes \u00dcniversitesi (AD\u00dc) E\u011fitim Fak\u00fcltesi b\u00fcnyesinde kurulan Bili\u015fsel, Davran\u0131\u015fsal Uygulama ve Ara\u015ft\u0131rma Laboratuvar\u0131 (e-B\u0130DALAB), uluslararas\u0131 akademik i\u015f birli\u011fi a\u011f\u0131na \u00f6nemli bir ad\u0131m att\u0131. Laboratuvarda, \u00c7ekya Masaryk \u00dcniversitesi \u00f6\u011fretim \u00fcyeleriyle birlikte ilk pilot uygulama \u00e7al\u0131\u015fmas\u0131 ba\u015far\u0131yla ger\u00e7ekle\u015ftirildi. AD\u00dc E\u011fitim Fak\u00fcltesi b\u00fcnyesinde faaliyet g\u00f6steren e-B\u0130DALAB, \u00f6\u011fretmen e\u011fitimi alan\u0131nda yenilik\u00e7i yakla\u015f\u0131mlar\u0131 desteklemeye devam ediyor. Bu kapsamda, \u00fcniversiteye konuk olan Masaryk \u00dcniversitesi \u00f6\u011fretim \u00fcyeleri Do\u00e7. Dr. enk ainka ve Do\u00e7. Dr. Zdenk Stacho ile birlikte laboratuvar\u0131n ilk pilot uygulamas\u0131 hayata ge\u00e7irildi. Pilot \u00e7al\u0131\u015fmaya, proje y\u00fcr\u00fct\u00fcc\u00fcs\u00fc Ar\u015f. G\u00f6r. Dr. Alaattin Ar\u0131kan\u2019\u0131n yan\u0131 s\u0131ra E\u011fitim Fak\u00fcltesi Dekan V. Prof. Dr. Yal\u00e7\u0131n \u00d6zdemir, Prof. Dr. Sultan Baysan, Do\u00e7. Dr. Emrah Hi\u011fde, Ar\u015f. G\u00f6r. Dr. L\u00fctfi Budak ile \u00e7ok say\u0131da lisans ve lisans\u00fcst\u00fc \u00f6\u011frenci kat\u0131ld\u0131.<\/p>\n<p>\u0130\u015f birli\u011fi kapsam\u0131nda Masaryk \u00dcniversitesi taraf\u0131ndan geli\u015ftirilen eDIVE platformu ve immersive VR (Sanal Ger\u00e7eklik) uygulamalar\u0131, \u00f6\u011fretmen adaylar\u0131n\u0131n s\u0131n\u0131f i\u00e7i dikkat y\u00f6netimi, sosyal etkile\u015fim ve duyu\u015fsal tepkilerinin \u00e7ok boyutlu bi\u00e7imde incelendi\u011fi senaryolarda kullan\u0131ld\u0131. Uygulamalarda veri toplama ve \u00f6\u011fretim etkinliklerinin tasar\u0131m\u0131 s\u00fcre\u00e7leri e\u015fzamanl\u0131 olarak test edilirken, T\u00fcrk\u00e7e aray\u00fcz g\u00fcncellemeleri ve farkl\u0131 e\u011fitim senaryolar\u0131na uyarlamalar da ger\u00e7ekle\u015ftirildi. Ayr\u0131ca taraflar, \u00f6\u011fretmen e\u011fitiminde immersive VR kullan\u0131m\u0131na y\u00f6nelik yeni ara\u015ft\u0131rma ve uygulama projelerinin ortak y\u00fcr\u00fct\u00fclmesi konusunda kar\u015f\u0131l\u0131kl\u0131 mutabakata vard\u0131.<\/p>\n<p>Proje y\u00fcr\u00fct\u00fcc\u00fcs\u00fc Ar\u015f. G\u00f6r. Dr. Alaattin Ar\u0131kan, e-B\u0130DALAB\u2019\u0131n uluslararas\u0131 ara\u015ft\u0131rma i\u015f birlikleri a\u00e7\u0131s\u0131ndan \u00f6nemli bir d\u00f6n\u00fcm noktas\u0131na ula\u015ft\u0131\u011f\u0131n\u0131 belirterek &#8220;Bu pilot uygulama, e-B\u0130DALAB\u2019\u0131n yenilik\u00e7i \u00f6\u011fretmen e\u011fitimi vizyonunun somut bir g\u00f6stergesidir. Sanal Ger\u00e7eklik ortamlar\u0131nda y\u00fcr\u00fct\u00fclen otantik g\u00f6revler s\u0131ras\u0131nda G\u00f6z \u0130zleme (Eye-Tracking), Galvanik Deri Tepkisi (GSR) ve Elektrokardiyografi (EKG) sistemlerinden elde edilen verilerin e\u015fzamanl\u0131 kaydedilmesiyle \u00f6\u011fretmen adaylar\u0131n\u0131n dikkat kontrol\u00fc, bili\u015fsel y\u00fck y\u00f6netimi ve duygu d\u00fczenleme s\u00fcre\u00e7leri \u00e7ok y\u00f6nl\u00fc olarak incelenebilecektir&#8221; dedi.<br \/><\/p>\n","protected":false},"excerpt":{"rendered":"<p>AD\u00dc E\u011fitim Fak\u00fcltesi b\u00fcnyesindeki e-B\u0130DALAB, Masaryk \u00dcniversitesi i\u015f birli\u011fiyle ger\u00e7ekle\u015ftirdi\u011fi ilk pilot \u00e7al\u0131\u015fma ile sanal ger\u00e7eklik temelli \u00f6\u011fretmen e\u011fitiminde T\u00fcrkiye\u2019de \u00f6nc\u00fc ad\u0131m att\u0131. Ayd\u0131n Adnan Menderes \u00dcniversitesi (AD\u00dc) E\u011fitim Fak\u00fcltesi b\u00fcnyesinde kurulan Bili\u015fsel, Davran\u0131\u015fsal Uygulama ve Ara\u015ft\u0131rma Laboratuvar\u0131 (e-B\u0130DALAB), uluslararas\u0131 akademik i\u015f birli\u011fi a\u011f\u0131na \u00f6nemli bir ad\u0131m att\u0131. Laboratuvarda, \u00c7ekya Masaryk \u00dcniversitesi \u00f6\u011fretim \u00fcyeleriyle birlikte&#8230;<\/p>\n","protected":false},"author":1,"featured_media":67278,"comment_status":"open","ping_status":"open","sticky":false,"template":"","format":"standard","meta":{"_crdt_document":"","footnotes":""},"categories":[124],"tags":[],"class_list":["post-67277","post","type-post","status-publish","format-standard","has-post-thumbnail","hentry","category-bilim"],"_links":{"self":[{"href":"https:\/\/www.egemtv.com\/index.php?rest_route=\/wp\/v2\/posts\/67277","targetHints":{"allow":["GET"]}}],"collection":[{"href":"https:\/\/www.egemtv.com\/index.php?rest_route=\/wp\/v2\/posts"}],"about":[{"href":"https:\/\/www.egemtv.com\/index.php?rest_route=\/wp\/v2\/types\/post"}],"author":[{"embeddable":true,"href":"https:\/\/www.egemtv.com\/index.php?rest_route=\/wp\/v2\/users\/1"}],"replies":[{"embeddable":true,"href":"https:\/\/www.egemtv.com\/index.php?rest_route=%2Fwp%2Fv2%2Fcomments&post=67277"}],"version-history":[{"count":1,"href":"https:\/\/www.egemtv.com\/index.php?rest_route=\/wp\/v2\/posts\/67277\/revisions"}],"predecessor-version":[{"id":67279,"href":"https:\/\/www.egemtv.com\/index.php?rest_route=\/wp\/v2\/posts\/67277\/revisions\/67279"}],"wp:featuredmedia":[{"embeddable":true,"href":"https:\/\/www.egemtv.com\/index.php?rest_route=\/wp\/v2\/media\/67278"}],"wp:attachment":[{"href":"https:\/\/www.egemtv.com\/index.php?rest_route=%2Fwp%2Fv2%2Fmedia&parent=67277"}],"wp:term":[{"taxonomy":"category","embeddable":true,"href":"https:\/\/www.egemtv.com\/index.php?rest_route=%2Fwp%2Fv2%2Fcategories&post=67277"},{"taxonomy":"post_tag","embeddable":true,"href":"https:\/\/www.egemtv.com\/index.php?rest_route=%2Fwp%2Fv2%2Ftags&post=67277"}],"curies":[{"name":"wp","href":"https:\/\/api.w.org\/{rel}","templated":true}]}}