{"id":67265,"date":"2025-11-12T09:14:45","date_gmt":"2025-11-12T06:14:45","guid":{"rendered":"https:\/\/www.egemtv.com\/?p=67265"},"modified":"2025-11-12T09:14:46","modified_gmt":"2025-11-12T06:14:46","slug":"vali-akbiyik-sehit-kuran-icin-taziye-mesaji-yayimladi","status":"publish","type":"post","link":"https:\/\/www.egemtv.com\/?p=67265","title":{"rendered":"Vali Akb\u0131y\u0131k \u015eehit Kuran i\u00e7in taziye mesaj\u0131 yay\u0131mlad\u0131"},"content":{"rendered":"<p>Mu\u011fla Valisi Dr. \u0130dris Akb\u0131y\u0131k, G\u00fcrcistan\u2019da d\u00fc\u015fen askeri kargo u\u00e7a\u011f\u0131nda \u015fehit olan Milasl\u0131 Hava U\u00e7ak Bak\u0131m Astsubay Ba\u015f\u00e7avu\u015f Emrah Kuran i\u00e7in taziye mesaj\u0131 yay\u0131mlad\u0131.<br \/>\n<br \/>Mu\u011fla Valisi Dr. \u0130dris Akb\u0131y\u0131k, Azerbaycan\u2019dan \u00fclkemize d\u00f6n\u00fc\u015f\u00fc s\u0131ras\u0131nda G\u00fcrcistan-Azerbaycan s\u0131n\u0131r\u0131nda d\u00fc\u015fen C-130 tipi askeri kargo u\u00e7a\u011f\u0131nda \u015fehit olan askerler aras\u0131nda, Milas Ekinambar\u0131 Mahallesi\u2019nden Hava U\u00e7ak Bak\u0131m Astsubay Ba\u015f\u00e7avu\u015f Emrah Kuran\u2019\u0131n da bulundu\u011funu derin bir \u00fcz\u00fcnt\u00fcyle \u00f6\u011frendi\u011fini belirtti.<br \/>\n<br \/>Vali Akb\u0131y\u0131k mesaj\u0131nda \u015fu ifadelere yer verdi: &#8220;Azerbaycan\u2019dan \u00fclkemize d\u00f6n\u00fc\u015f\u00fc s\u0131ras\u0131nda G\u00fcrcistan-Azerbaycan s\u0131n\u0131r\u0131nda d\u00fc\u015fen C-130 tipi askeri kargo u\u00e7a\u011f\u0131nda \u015fehadete eren kahraman Mehmet\u00e7iklerimizin aras\u0131nda Milas Ekinambar\u0131 mahallemizden Hava U\u00e7ak Bak\u0131m Astsubay Ba\u015f\u00e7avu\u015f Emrah Kuran\u2019\u0131n da oldu\u011funu derin bir \u00fcz\u00fcnt\u00fc ile \u00f6\u011frenmi\u015f bulunuyorum. Milas il\u00e7emiz Ekinambar\u0131 mahallemizden Hava U\u00e7ak Bak\u0131m Astsubay Ba\u015f\u00e7avu\u015f Emrah Kuran\u2019a Allah\u2019tan rahmet, ailesine, kahraman T\u00fcrk Silahl\u0131 Kuvvetlerimize, Milasl\u0131 ve Mu\u011flal\u0131 hem\u015fehrilerimize ve aziz milletimize ba\u015fsa\u011fl\u0131\u011f\u0131 diliyorum. Aziz \u015fehidimizin ruhu \u015f\u00e2d, makam\u0131 \u00e2li olsun&#8221;<br \/><\/p>\n","protected":false},"excerpt":{"rendered":"<p>Mu\u011fla Valisi Dr. \u0130dris Akb\u0131y\u0131k, G\u00fcrcistan\u2019da d\u00fc\u015fen askeri kargo u\u00e7a\u011f\u0131nda \u015fehit olan Milasl\u0131 Hava U\u00e7ak Bak\u0131m Astsubay Ba\u015f\u00e7avu\u015f Emrah Kuran i\u00e7in taziye mesaj\u0131 yay\u0131mlad\u0131. Mu\u011fla Valisi Dr. \u0130dris Akb\u0131y\u0131k, Azerbaycan\u2019dan \u00fclkemize d\u00f6n\u00fc\u015f\u00fc s\u0131ras\u0131nda G\u00fcrcistan-Azerbaycan s\u0131n\u0131r\u0131nda d\u00fc\u015fen C-130 tipi askeri kargo u\u00e7a\u011f\u0131nda \u015fehit olan askerler aras\u0131nda, Milas Ekinambar\u0131 Mahallesi\u2019nden Hava U\u00e7ak Bak\u0131m Astsubay Ba\u015f\u00e7avu\u015f Emrah Kuran\u2019\u0131n&#8230;<\/p>\n","protected":false},"author":1,"featured_media":67266,"comment_status":"open","ping_status":"open","sticky":false,"template":"","format":"standard","meta":{"_crdt_document":"","footnotes":""},"categories":[123],"tags":[],"class_list":["post-67265","post","type-post","status-publish","format-standard","has-post-thumbnail","hentry","category-gundem"],"_links":{"self":[{"href":"https:\/\/www.egemtv.com\/index.php?rest_route=\/wp\/v2\/posts\/67265","targetHints":{"allow":["GET"]}}],"collection":[{"href":"https:\/\/www.egemtv.com\/index.php?rest_route=\/wp\/v2\/posts"}],"about":[{"href":"https:\/\/www.egemtv.com\/index.php?rest_route=\/wp\/v2\/types\/post"}],"author":[{"embeddable":true,"href":"https:\/\/www.egemtv.com\/index.php?rest_route=\/wp\/v2\/users\/1"}],"replies":[{"embeddable":true,"href":"https:\/\/www.egemtv.com\/index.php?rest_route=%2Fwp%2Fv2%2Fcomments&post=67265"}],"version-history":[{"count":1,"href":"https:\/\/www.egemtv.com\/index.php?rest_route=\/wp\/v2\/posts\/67265\/revisions"}],"predecessor-version":[{"id":67267,"href":"https:\/\/www.egemtv.com\/index.php?rest_route=\/wp\/v2\/posts\/67265\/revisions\/67267"}],"wp:featuredmedia":[{"embeddable":true,"href":"https:\/\/www.egemtv.com\/index.php?rest_route=\/wp\/v2\/media\/67266"}],"wp:attachment":[{"href":"https:\/\/www.egemtv.com\/index.php?rest_route=%2Fwp%2Fv2%2Fmedia&parent=67265"}],"wp:term":[{"taxonomy":"category","embeddable":true,"href":"https:\/\/www.egemtv.com\/index.php?rest_route=%2Fwp%2Fv2%2Fcategories&post=67265"},{"taxonomy":"post_tag","embeddable":true,"href":"https:\/\/www.egemtv.com\/index.php?rest_route=%2Fwp%2Fv2%2Ftags&post=67265"}],"curies":[{"name":"wp","href":"https:\/\/api.w.org\/{rel}","templated":true}]}}