{"id":67262,"date":"2025-11-12T09:14:44","date_gmt":"2025-11-12T06:14:44","guid":{"rendered":"https:\/\/www.egemtv.com\/?p=67262"},"modified":"2025-11-12T09:14:45","modified_gmt":"2025-11-12T06:14:45","slug":"son-2-yilda-bin-200-yabanci-ikametini-aydindan-aldirdi","status":"publish","type":"post","link":"https:\/\/www.egemtv.com\/?p=67262","title":{"rendered":"Son 2 y\u0131lda bin 200 yabanc\u0131 ikametini Ayd\u0131n\u2019dan ald\u0131rd\u0131"},"content":{"rendered":"<p>\u00d6zellikle yaz aylar\u0131nda n\u00fcfus art\u0131\u015f\u0131 ya\u015fayan Ayd\u0131n\u2019da, ikamet izni alan yabanc\u0131lar\u0131n say\u0131s\u0131 son 2 y\u0131lda y\u00fczde 10 azal\u0131rken, toplamda bin 217 ki\u015fi ikametini Ayd\u0131n\u2019dan ald\u0131rd\u0131.<\/p>\n<p>Tarihi ve do\u011fal g\u00fczellikleri ile bir\u00e7ok vatanda\u015f\u0131n tercih sebebi olan Ayd\u0131n, yabanc\u0131 uyruklu vatanda\u015flar\u0131n da tercihleri aras\u0131nda yer al\u0131rken, son g\u00fcnlerde ikamet izni alan yabanc\u0131lar\u0131n say\u0131s\u0131nda belirgin d\u00fc\u015f\u00fc\u015f ya\u015fanmaya ba\u015flad\u0131. Ayd\u0131n \u0130l G\u00f6\u00e7 \u0130daresi M\u00fcd\u00fcrl\u00fc\u011f\u00fc\u2019n\u00fcn ge\u00e7ici koruma dahilinde olan yabanc\u0131lar ile d\u00fczensiz ve d\u00fczenli g\u00f6\u00e7menler hakk\u0131ndaki verileri \u00e7er\u00e7evesinde Ayd\u0131n genelinde 118 farkl\u0131 \u00fclkeden yabanc\u0131 uyruklu vatanda\u015f ya\u015farken, 30 Ekim 2025 y\u0131l\u0131 istatistikleri kapsam\u0131nda ise 9 bin 992 ikamet izinli yabanc\u0131 bulunuyor.<br \/>\n<br \/>2023 y\u0131l\u0131 Ekim ay\u0131nda 11 bin 209 ikamet izinli yabanc\u0131n\u0131n bulundu\u011fu Ayd\u0131n\u2019da son 2 y\u0131lda y\u00fczde 10\u2019luk d\u00fc\u015f\u00fc\u015f ya\u015fand\u0131. 19 Ekim 2023 verilerinde 11 bin 209 olan yabanc\u0131 uyruklu vatanda\u015f say\u0131s\u0131 30 Ekim 2025 y\u0131l\u0131 verilerinde 9 bin 992 oldu. Buna g\u00f6re son 2 y\u0131lda toplam bin 217 yabanc\u0131 ikametini Ayd\u0131n\u2019dan ald\u0131rd\u0131.<br \/><\/p>\n","protected":false},"excerpt":{"rendered":"<p>\u00d6zellikle yaz aylar\u0131nda n\u00fcfus art\u0131\u015f\u0131 ya\u015fayan Ayd\u0131n\u2019da, ikamet izni alan yabanc\u0131lar\u0131n say\u0131s\u0131 son 2 y\u0131lda y\u00fczde 10 azal\u0131rken, toplamda bin 217 ki\u015fi ikametini Ayd\u0131n\u2019dan ald\u0131rd\u0131. Tarihi ve do\u011fal g\u00fczellikleri ile bir\u00e7ok vatanda\u015f\u0131n tercih sebebi olan Ayd\u0131n, yabanc\u0131 uyruklu vatanda\u015flar\u0131n da tercihleri aras\u0131nda yer al\u0131rken, son g\u00fcnlerde ikamet izni alan yabanc\u0131lar\u0131n say\u0131s\u0131nda belirgin d\u00fc\u015f\u00fc\u015f ya\u015fanmaya ba\u015flad\u0131&#8230;.<\/p>\n","protected":false},"author":1,"featured_media":67263,"comment_status":"open","ping_status":"open","sticky":false,"template":"","format":"standard","meta":{"_crdt_document":"","footnotes":""},"categories":[1],"tags":[],"class_list":["post-67262","post","type-post","status-publish","format-standard","has-post-thumbnail","hentry","category-guncel"],"_links":{"self":[{"href":"https:\/\/www.egemtv.com\/index.php?rest_route=\/wp\/v2\/posts\/67262","targetHints":{"allow":["GET"]}}],"collection":[{"href":"https:\/\/www.egemtv.com\/index.php?rest_route=\/wp\/v2\/posts"}],"about":[{"href":"https:\/\/www.egemtv.com\/index.php?rest_route=\/wp\/v2\/types\/post"}],"author":[{"embeddable":true,"href":"https:\/\/www.egemtv.com\/index.php?rest_route=\/wp\/v2\/users\/1"}],"replies":[{"embeddable":true,"href":"https:\/\/www.egemtv.com\/index.php?rest_route=%2Fwp%2Fv2%2Fcomments&post=67262"}],"version-history":[{"count":1,"href":"https:\/\/www.egemtv.com\/index.php?rest_route=\/wp\/v2\/posts\/67262\/revisions"}],"predecessor-version":[{"id":67264,"href":"https:\/\/www.egemtv.com\/index.php?rest_route=\/wp\/v2\/posts\/67262\/revisions\/67264"}],"wp:featuredmedia":[{"embeddable":true,"href":"https:\/\/www.egemtv.com\/index.php?rest_route=\/wp\/v2\/media\/67263"}],"wp:attachment":[{"href":"https:\/\/www.egemtv.com\/index.php?rest_route=%2Fwp%2Fv2%2Fmedia&parent=67262"}],"wp:term":[{"taxonomy":"category","embeddable":true,"href":"https:\/\/www.egemtv.com\/index.php?rest_route=%2Fwp%2Fv2%2Fcategories&post=67262"},{"taxonomy":"post_tag","embeddable":true,"href":"https:\/\/www.egemtv.com\/index.php?rest_route=%2Fwp%2Fv2%2Ftags&post=67262"}],"curies":[{"name":"wp","href":"https:\/\/api.w.org\/{rel}","templated":true}]}}