{"id":67256,"date":"2025-11-12T06:14:35","date_gmt":"2025-11-12T03:14:35","guid":{"rendered":"https:\/\/www.egemtv.com\/?p=67256"},"modified":"2025-11-12T06:14:36","modified_gmt":"2025-11-12T03:14:36","slug":"kutahyada-apartman-dairesinde-yangin-5-kisi-kurtarildi","status":"publish","type":"post","link":"https:\/\/www.egemtv.com\/?p=67256","title":{"rendered":"K\u00fctahya\u2019da apartman dairesinde yang\u0131n: 5 ki\u015fi kurtar\u0131ld\u0131"},"content":{"rendered":"<p>K\u00fctahya\u2019n\u0131n Dumlup\u0131nar Mahallesi\u2019nde bir apartman dairesinde \u00e7\u0131kan yang\u0131nda, biri bebek toplam 5 ki\u015fi itfaiye ekipleri taraf\u0131ndan kurtar\u0131ld\u0131.<br \/>\n<br \/>Edinilen bilgilere g\u00f6re, Dumlup\u0131nar Mahallesi\u2019nde bulunan bir apartman dairesinde hen\u00fcz belirlenemeyen bir nedenle yang\u0131n \u00e7\u0131kt\u0131. Alevler k\u0131sa s\u00fcrede t\u00fcm daireyi sararken, evde bulunan baz\u0131 ki\u015filer kendi imkanlar\u0131yla d\u0131\u015far\u0131 \u00e7\u0131kmay\u0131 ba\u015fard\u0131. \u0130hbar \u00fczerine olay yerine itfaiye, sa\u011fl\u0131k ve polis ekipleri sevk edildi. Yo\u011fun duman nedeniyle binada mahsur kalan biri bebek 5 ki\u015fi, itfaiye ekiplerinin m\u00fcdahalesiyle g\u00fcvenli \u015fekilde tahliye edildi.<br \/>\n<br \/>Yang\u0131n, ekiplerin m\u00fcdahalesi sonucu kontrol alt\u0131na al\u0131n\u0131rken, daire kullan\u0131lamaz hale geldi. Yang\u0131n\u0131n \u00e7\u0131k\u0131\u015f nedeninin belirlenmesi i\u00e7in inceleme ba\u015flat\u0131ld\u0131.<br \/><\/p>\n","protected":false},"excerpt":{"rendered":"<p>K\u00fctahya\u2019n\u0131n Dumlup\u0131nar Mahallesi\u2019nde bir apartman dairesinde \u00e7\u0131kan yang\u0131nda, biri bebek toplam 5 ki\u015fi itfaiye ekipleri taraf\u0131ndan kurtar\u0131ld\u0131. Edinilen bilgilere g\u00f6re, Dumlup\u0131nar Mahallesi\u2019nde bulunan bir apartman dairesinde hen\u00fcz belirlenemeyen bir nedenle yang\u0131n \u00e7\u0131kt\u0131. Alevler k\u0131sa s\u00fcrede t\u00fcm daireyi sararken, evde bulunan baz\u0131 ki\u015filer kendi imkanlar\u0131yla d\u0131\u015far\u0131 \u00e7\u0131kmay\u0131 ba\u015fard\u0131. \u0130hbar \u00fczerine olay yerine itfaiye, sa\u011fl\u0131k ve polis&#8230;<\/p>\n","protected":false},"author":1,"featured_media":67257,"comment_status":"open","ping_status":"open","sticky":false,"template":"","format":"standard","meta":{"_crdt_document":"","footnotes":""},"categories":[5],"tags":[],"class_list":["post-67256","post","type-post","status-publish","format-standard","has-post-thumbnail","hentry","category-asayis"],"_links":{"self":[{"href":"https:\/\/www.egemtv.com\/index.php?rest_route=\/wp\/v2\/posts\/67256","targetHints":{"allow":["GET"]}}],"collection":[{"href":"https:\/\/www.egemtv.com\/index.php?rest_route=\/wp\/v2\/posts"}],"about":[{"href":"https:\/\/www.egemtv.com\/index.php?rest_route=\/wp\/v2\/types\/post"}],"author":[{"embeddable":true,"href":"https:\/\/www.egemtv.com\/index.php?rest_route=\/wp\/v2\/users\/1"}],"replies":[{"embeddable":true,"href":"https:\/\/www.egemtv.com\/index.php?rest_route=%2Fwp%2Fv2%2Fcomments&post=67256"}],"version-history":[{"count":1,"href":"https:\/\/www.egemtv.com\/index.php?rest_route=\/wp\/v2\/posts\/67256\/revisions"}],"predecessor-version":[{"id":67258,"href":"https:\/\/www.egemtv.com\/index.php?rest_route=\/wp\/v2\/posts\/67256\/revisions\/67258"}],"wp:featuredmedia":[{"embeddable":true,"href":"https:\/\/www.egemtv.com\/index.php?rest_route=\/wp\/v2\/media\/67257"}],"wp:attachment":[{"href":"https:\/\/www.egemtv.com\/index.php?rest_route=%2Fwp%2Fv2%2Fmedia&parent=67256"}],"wp:term":[{"taxonomy":"category","embeddable":true,"href":"https:\/\/www.egemtv.com\/index.php?rest_route=%2Fwp%2Fv2%2Fcategories&post=67256"},{"taxonomy":"post_tag","embeddable":true,"href":"https:\/\/www.egemtv.com\/index.php?rest_route=%2Fwp%2Fv2%2Ftags&post=67256"}],"curies":[{"name":"wp","href":"https:\/\/api.w.org\/{rel}","templated":true}]}}