{"id":67253,"date":"2025-11-11T23:55:52","date_gmt":"2025-11-11T20:55:52","guid":{"rendered":"https:\/\/www.egemtv.com\/?p=67253"},"modified":"2025-11-11T23:55:53","modified_gmt":"2025-11-11T20:55:53","slug":"sehit-atesi-muglaya-dustu","status":"publish","type":"post","link":"https:\/\/www.egemtv.com\/?p=67253","title":{"rendered":"\u015eehit ate\u015fi Mu\u011fla\u2019ya d\u00fc\u015ft\u00fc"},"content":{"rendered":"<p>Azerbaycan\u2019dan T\u00fcrkiye\u2019ye gelmek i\u00e7in havalanan askeri kargo u\u00e7a\u011f\u0131n\u0131n G\u00fcrcistan s\u0131n\u0131r\u0131nda d\u00fc\u015fmesi sonucu \u015fehit olan Hava U\u00e7ak Bak\u0131m Astsubay Ba\u015f\u00e7avu\u015f Emrah Kuran\u2019\u0131n \u015fehadet haberi, Mu\u011fla\u2019n\u0131n Milas il\u00e7esindeki baba oca\u011f\u0131na ula\u015ft\u0131.<br \/>\n<br \/>Azerbaycan\u2019dan T\u00fcrkiye\u2019ye gelmek \u00fczere havalanan T\u00fcrk Hava Kuvvetleri\u2019ne ait C-130 tipi askeri kargo u\u00e7a\u011f\u0131n\u0131n G\u00fcrcistan-Azerbaycan s\u0131n\u0131r\u0131nda d\u00fc\u015fmesi sonucu \u015fehit olan Hava Kuvvetleri personeli Astsubay Emrah Kuran\u2019\u0131n Mu\u011fla\u2019n\u0131n Milas il\u00e7esi Ekinambar\u0131 Mahallesi\u2019ndeki baba oca\u011f\u0131na ate\u015f d\u00fc\u015ft\u00fc. Askeri erkan taraf\u0131ndan Kuran\u2019\u0131n \u015fehadet haberi ailesine verilirken, o\u011flunun \u015fehit haberini alan baba Osman Kuran g\u00f6zya\u015flar\u0131n\u0131 bo\u011fuldu. Kayseri Hava \u0130ndirme Tugay\u0131\u2019nda g\u00f6rev yapan Astsubay Emrah Kuran\u2019\u0131n evli ve iki \u00e7ocuk babas\u0131 oldu\u011fu \u00f6\u011frenilirken, \u015fehidin baba evine T\u00fcrk bayra\u011f\u0131 as\u0131ld\u0131.<br \/><\/p>\n","protected":false},"excerpt":{"rendered":"<p>Azerbaycan\u2019dan T\u00fcrkiye\u2019ye gelmek i\u00e7in havalanan askeri kargo u\u00e7a\u011f\u0131n\u0131n G\u00fcrcistan s\u0131n\u0131r\u0131nda d\u00fc\u015fmesi sonucu \u015fehit olan Hava U\u00e7ak Bak\u0131m Astsubay Ba\u015f\u00e7avu\u015f Emrah Kuran\u2019\u0131n \u015fehadet haberi, Mu\u011fla\u2019n\u0131n Milas il\u00e7esindeki baba oca\u011f\u0131na ula\u015ft\u0131. Azerbaycan\u2019dan T\u00fcrkiye\u2019ye gelmek \u00fczere havalanan T\u00fcrk Hava Kuvvetleri\u2019ne ait C-130 tipi askeri kargo u\u00e7a\u011f\u0131n\u0131n G\u00fcrcistan-Azerbaycan s\u0131n\u0131r\u0131nda d\u00fc\u015fmesi sonucu \u015fehit olan Hava Kuvvetleri personeli Astsubay Emrah Kuran\u2019\u0131n&#8230;<\/p>\n","protected":false},"author":1,"featured_media":67254,"comment_status":"open","ping_status":"open","sticky":false,"template":"","format":"standard","meta":{"_crdt_document":"","footnotes":""},"categories":[5],"tags":[],"class_list":["post-67253","post","type-post","status-publish","format-standard","has-post-thumbnail","hentry","category-asayis"],"_links":{"self":[{"href":"https:\/\/www.egemtv.com\/index.php?rest_route=\/wp\/v2\/posts\/67253","targetHints":{"allow":["GET"]}}],"collection":[{"href":"https:\/\/www.egemtv.com\/index.php?rest_route=\/wp\/v2\/posts"}],"about":[{"href":"https:\/\/www.egemtv.com\/index.php?rest_route=\/wp\/v2\/types\/post"}],"author":[{"embeddable":true,"href":"https:\/\/www.egemtv.com\/index.php?rest_route=\/wp\/v2\/users\/1"}],"replies":[{"embeddable":true,"href":"https:\/\/www.egemtv.com\/index.php?rest_route=%2Fwp%2Fv2%2Fcomments&post=67253"}],"version-history":[{"count":1,"href":"https:\/\/www.egemtv.com\/index.php?rest_route=\/wp\/v2\/posts\/67253\/revisions"}],"predecessor-version":[{"id":67255,"href":"https:\/\/www.egemtv.com\/index.php?rest_route=\/wp\/v2\/posts\/67253\/revisions\/67255"}],"wp:featuredmedia":[{"embeddable":true,"href":"https:\/\/www.egemtv.com\/index.php?rest_route=\/wp\/v2\/media\/67254"}],"wp:attachment":[{"href":"https:\/\/www.egemtv.com\/index.php?rest_route=%2Fwp%2Fv2%2Fmedia&parent=67253"}],"wp:term":[{"taxonomy":"category","embeddable":true,"href":"https:\/\/www.egemtv.com\/index.php?rest_route=%2Fwp%2Fv2%2Fcategories&post=67253"},{"taxonomy":"post_tag","embeddable":true,"href":"https:\/\/www.egemtv.com\/index.php?rest_route=%2Fwp%2Fv2%2Ftags&post=67253"}],"curies":[{"name":"wp","href":"https:\/\/api.w.org\/{rel}","templated":true}]}}