{"id":67250,"date":"2025-11-11T23:15:42","date_gmt":"2025-11-11T20:15:42","guid":{"rendered":"https:\/\/www.egemtv.com\/?p=67250"},"modified":"2025-11-11T23:15:43","modified_gmt":"2025-11-11T20:15:43","slug":"universiteli-genc-kiz-arkadasinin-evinde-olu-bulundu","status":"publish","type":"post","link":"https:\/\/www.egemtv.com\/?p=67250","title":{"rendered":"\u00dcniversiteli gen\u00e7 k\u0131z arkada\u015f\u0131n\u0131n evinde \u00f6l\u00fc bulundu"},"content":{"rendered":"<p>Ayd\u0131n\u2019\u0131n Efeler il\u00e7esinde \u00fcniversite \u00f6\u011frencisi gen\u00e7 k\u0131z, arkada\u015f\u0131n\u0131n evinde \u00f6l\u00fc bulundu.<br \/>\n<br \/>Olay, Orta Mahalle 215 Sokak \u00fczerindeki bir apartmanda ak\u015fam saatlerinde meydana geldi. Edinilen bilgiye g\u00f6re, apartman\u0131n ikinci kat\u0131nda bulunan arkada\u015f\u0131n\u0131n evine giden Adnan Menderes \u00dcniversitesi \u00f6\u011frencisi Melisa \u015eeng\u00fcl (20) iddiaya g\u00f6re arkada\u015flar\u0131 A.\u015e. (21) ve K.E. (21) ile vakit ge\u00e7irdikten sonra uykuya dald\u0131. Bir s\u00fcre sonra uyanan arkada\u015flar\u0131 \u015eeng\u00fcl\u2019\u00fc uyand\u0131ramay\u0131nca durumu 112 Acil \u00c7a\u011fr\u0131 Merkezi\u2019ne bildirdi. \u0130hbar \u00fczerine b\u00f6lgeye sa\u011fl\u0131k ve polis ekipleri sevk edildi. K\u0131sa s\u00fcrede olay yerine gelen sa\u011fl\u0131k ekipleri yapt\u0131klar\u0131 incelemelerde \u015eeng\u00fcl\u2019\u00fcn hayat\u0131n\u0131 kaybetti\u011fini tespit etti. Polis ekiplerince yap\u0131lan olay yeri inceleme \u00e7al\u0131\u015fmalar\u0131n\u0131n ard\u0131ndan \u015eeng\u00fcl\u2019\u00fcn cans\u0131z bedeni hastane morguna kald\u0131r\u0131l\u0131rken, kesin \u00f6l\u00fcm nedeninin yap\u0131lacak olan otopsinin ard\u0131ndan belli olaca\u011f\u0131 \u00f6\u011frenildi. Evde bulunan A.\u015e. ve K.E. isimli \u015fah\u0131slar ifadeleri al\u0131nmak \u00fczere emniyete g\u00f6t\u00fcr\u00fcld\u00fc.<br \/>\n<br \/>Olayla ilgili soru\u015fturma s\u00fcr\u00fcyor.<br \/><\/p>\n","protected":false},"excerpt":{"rendered":"<p>Ayd\u0131n\u2019\u0131n Efeler il\u00e7esinde \u00fcniversite \u00f6\u011frencisi gen\u00e7 k\u0131z, arkada\u015f\u0131n\u0131n evinde \u00f6l\u00fc bulundu. Olay, Orta Mahalle 215 Sokak \u00fczerindeki bir apartmanda ak\u015fam saatlerinde meydana geldi. Edinilen bilgiye g\u00f6re, apartman\u0131n ikinci kat\u0131nda bulunan arkada\u015f\u0131n\u0131n evine giden Adnan Menderes \u00dcniversitesi \u00f6\u011frencisi Melisa \u015eeng\u00fcl (20) iddiaya g\u00f6re arkada\u015flar\u0131 A.\u015e. (21) ve K.E. (21) ile vakit ge\u00e7irdikten sonra uykuya dald\u0131. Bir&#8230;<\/p>\n","protected":false},"author":1,"featured_media":67251,"comment_status":"open","ping_status":"open","sticky":false,"template":"","format":"standard","meta":{"_crdt_document":"","footnotes":""},"categories":[5],"tags":[],"class_list":["post-67250","post","type-post","status-publish","format-standard","has-post-thumbnail","hentry","category-asayis"],"_links":{"self":[{"href":"https:\/\/www.egemtv.com\/index.php?rest_route=\/wp\/v2\/posts\/67250","targetHints":{"allow":["GET"]}}],"collection":[{"href":"https:\/\/www.egemtv.com\/index.php?rest_route=\/wp\/v2\/posts"}],"about":[{"href":"https:\/\/www.egemtv.com\/index.php?rest_route=\/wp\/v2\/types\/post"}],"author":[{"embeddable":true,"href":"https:\/\/www.egemtv.com\/index.php?rest_route=\/wp\/v2\/users\/1"}],"replies":[{"embeddable":true,"href":"https:\/\/www.egemtv.com\/index.php?rest_route=%2Fwp%2Fv2%2Fcomments&post=67250"}],"version-history":[{"count":1,"href":"https:\/\/www.egemtv.com\/index.php?rest_route=\/wp\/v2\/posts\/67250\/revisions"}],"predecessor-version":[{"id":67252,"href":"https:\/\/www.egemtv.com\/index.php?rest_route=\/wp\/v2\/posts\/67250\/revisions\/67252"}],"wp:featuredmedia":[{"embeddable":true,"href":"https:\/\/www.egemtv.com\/index.php?rest_route=\/wp\/v2\/media\/67251"}],"wp:attachment":[{"href":"https:\/\/www.egemtv.com\/index.php?rest_route=%2Fwp%2Fv2%2Fmedia&parent=67250"}],"wp:term":[{"taxonomy":"category","embeddable":true,"href":"https:\/\/www.egemtv.com\/index.php?rest_route=%2Fwp%2Fv2%2Fcategories&post=67250"},{"taxonomy":"post_tag","embeddable":true,"href":"https:\/\/www.egemtv.com\/index.php?rest_route=%2Fwp%2Fv2%2Ftags&post=67250"}],"curies":[{"name":"wp","href":"https:\/\/api.w.org\/{rel}","templated":true}]}}