{"id":67247,"date":"2025-11-11T22:54:35","date_gmt":"2025-11-11T19:54:35","guid":{"rendered":"https:\/\/www.egemtv.com\/?p=67247"},"modified":"2025-11-11T22:54:36","modified_gmt":"2025-11-11T19:54:36","slug":"urlada-is-kazasi-1-olu","status":"publish","type":"post","link":"https:\/\/www.egemtv.com\/?p=67247","title":{"rendered":"Urla\u2019da i\u015f kazas\u0131: 1 \u00f6l\u00fc"},"content":{"rendered":"<p>\u0130zmir\u2019in Urla il\u00e7esinde 22 ya\u015f\u0131ndaki bir gen\u00e7, spor tesisinde ar\u0131zal\u0131 projekt\u00f6r\u00fc tamir etti\u011fi s\u0131rada 4 metre y\u00fcksekten d\u00fc\u015ferek hayat\u0131n\u0131 kaybetti.<br \/>\n<br \/>Olay, ak\u015fam saatlerinde meydana geldi. \u00d6zel bir sitede elektrik\u00e7i olarak \u00e7al\u0131\u015fan Ali Can G\u00fcrer (22), iddiaya g\u00f6re sitenin spor sahas\u0131n\u0131n projekt\u00f6r\u00fcn\u00fc tamir ederken 4 metreden zemine d\u00fc\u015ft\u00fc. A\u011f\u0131r yaralanan talihsiz gen\u00e7 i\u00e7in ambulans \u00e7a\u011f\u0131r\u0131ld\u0131. Olay yerine gelen 112 sa\u011fl\u0131k ekibinin ilk m\u00fcdahelesinin ard\u0131ndan Urla Devlet Hastanesine kald\u0131r\u0131lan talihsiz gen\u00e7, t\u00fcm \u00e7abalara ra\u011fmen kurtar\u0131lamayarak ya\u015fam\u0131n\u0131 yitirdi.  \u00d6te yandan, Ali Can G\u00fcrer\u2019in yar\u0131n do\u011fum g\u00fcn\u00fc oldu\u011fu \u00f6\u011frenildi. Olayla ilgili soru\u015fturma s\u00fcr\u00fcyor.<br \/><\/p>\n","protected":false},"excerpt":{"rendered":"<p>\u0130zmir\u2019in Urla il\u00e7esinde 22 ya\u015f\u0131ndaki bir gen\u00e7, spor tesisinde ar\u0131zal\u0131 projekt\u00f6r\u00fc tamir etti\u011fi s\u0131rada 4 metre y\u00fcksekten d\u00fc\u015ferek hayat\u0131n\u0131 kaybetti. Olay, ak\u015fam saatlerinde meydana geldi. \u00d6zel bir sitede elektrik\u00e7i olarak \u00e7al\u0131\u015fan Ali Can G\u00fcrer (22), iddiaya g\u00f6re sitenin spor sahas\u0131n\u0131n projekt\u00f6r\u00fcn\u00fc tamir ederken 4 metreden zemine d\u00fc\u015ft\u00fc. A\u011f\u0131r yaralanan talihsiz gen\u00e7 i\u00e7in ambulans \u00e7a\u011f\u0131r\u0131ld\u0131. Olay&#8230;<\/p>\n","protected":false},"author":1,"featured_media":67248,"comment_status":"open","ping_status":"open","sticky":false,"template":"","format":"standard","meta":{"_crdt_document":"","footnotes":""},"categories":[5],"tags":[],"class_list":["post-67247","post","type-post","status-publish","format-standard","has-post-thumbnail","hentry","category-asayis"],"_links":{"self":[{"href":"https:\/\/www.egemtv.com\/index.php?rest_route=\/wp\/v2\/posts\/67247","targetHints":{"allow":["GET"]}}],"collection":[{"href":"https:\/\/www.egemtv.com\/index.php?rest_route=\/wp\/v2\/posts"}],"about":[{"href":"https:\/\/www.egemtv.com\/index.php?rest_route=\/wp\/v2\/types\/post"}],"author":[{"embeddable":true,"href":"https:\/\/www.egemtv.com\/index.php?rest_route=\/wp\/v2\/users\/1"}],"replies":[{"embeddable":true,"href":"https:\/\/www.egemtv.com\/index.php?rest_route=%2Fwp%2Fv2%2Fcomments&post=67247"}],"version-history":[{"count":1,"href":"https:\/\/www.egemtv.com\/index.php?rest_route=\/wp\/v2\/posts\/67247\/revisions"}],"predecessor-version":[{"id":67249,"href":"https:\/\/www.egemtv.com\/index.php?rest_route=\/wp\/v2\/posts\/67247\/revisions\/67249"}],"wp:featuredmedia":[{"embeddable":true,"href":"https:\/\/www.egemtv.com\/index.php?rest_route=\/wp\/v2\/media\/67248"}],"wp:attachment":[{"href":"https:\/\/www.egemtv.com\/index.php?rest_route=%2Fwp%2Fv2%2Fmedia&parent=67247"}],"wp:term":[{"taxonomy":"category","embeddable":true,"href":"https:\/\/www.egemtv.com\/index.php?rest_route=%2Fwp%2Fv2%2Fcategories&post=67247"},{"taxonomy":"post_tag","embeddable":true,"href":"https:\/\/www.egemtv.com\/index.php?rest_route=%2Fwp%2Fv2%2Ftags&post=67247"}],"curies":[{"name":"wp","href":"https:\/\/api.w.org\/{rel}","templated":true}]}}