{"id":67244,"date":"2025-11-11T22:54:35","date_gmt":"2025-11-11T19:54:35","guid":{"rendered":"https:\/\/www.egemtv.com\/?p=67244"},"modified":"2025-11-11T22:54:35","modified_gmt":"2025-11-11T19:54:35","slug":"usak-universitesi-milli-agaclandirma-gununde-yesil-gelecek-icin-el-ele-verdi","status":"publish","type":"post","link":"https:\/\/www.egemtv.com\/?p=67244","title":{"rendered":"U\u015fak \u00dcniversitesi, Milli A\u011fa\u00e7land\u0131rma G\u00fcn\u00fc\u2019nde ye\u015fil gelecek i\u00e7in el ele verdi"},"content":{"rendered":"<p>U\u015fak \u00dcniversitesi\u2019nde &#8220;11 Kas\u0131m Milli A\u011fa\u00e7land\u0131rma G\u00fcn\u00fc&#8221; kapsam\u0131nda, Yap\u0131 \u0130\u015fleri ve Teknik Daire Ba\u015fkanl\u0131\u011f\u0131 koordinasyonunda a\u011fa\u00e7 dikme etkinli\u011fi d\u00fczenlendi.<br \/>\n<br \/>U\u015fak \u00dcniversitesi yerle\u015fkesinde stadyum trib\u00fcn arkas\u0131 teras alanlar\u0131nda ger\u00e7ekle\u015fen etkinli\u011fe U\u015fak \u00dcniversitesi Rekt\u00f6r\u00fc Prof. Dr. Ekrem Sava\u015f, Rekt\u00f6r Yard\u0131mc\u0131s\u0131 Prof. Dr. Osman Birgin, akademik ve idari personel ile \u00f6\u011frenciler kat\u0131ld\u0131. Etkinlikte, kat\u0131l\u0131mc\u0131lar do\u011fan\u0131n korunmas\u0131 ve ye\u015fil alanlar\u0131n art\u0131r\u0131lmas\u0131na y\u00f6nelik fark\u0131ndal\u0131k olu\u015fturmak amac\u0131yla fidan 200 fidan (kara selvi ve sedir) dikimi ger\u00e7ekle\u015ftirdiler.<br \/>\n<br \/>Burada a\u00e7\u0131klamalarda bulunan Rekt\u00f6r Sava\u015f, do\u011fa bilincinin k\u00fc\u00e7\u00fck ya\u015flardan itibaren kazand\u0131r\u0131lmas\u0131n\u0131n \u00f6nemine dikkat \u00e7ekerek; &#8220;Bug\u00fcn burada hep birlikte hem do\u011faya nefes olacak fidanlar dikiyoruz hem de gelecek ku\u015faklara ye\u015fil bir miras b\u0131rak\u0131yoruz. U\u015fak \u00dcniversitesi olarak \u00e7evre bilincine sahip bireyler yeti\u015ftirmeyi \u00f6nemsiyoruz. Bu t\u00fcr etkinlikler sadece bir a\u011fa\u00e7 dikimi de\u011fil, ayn\u0131 zamanda bir fark\u0131ndal\u0131k hareketidir. Her y\u0131l dikti\u011fimiz fidanlarla \u00fcniversite yerle\u015fkesini daha da ye\u015fil hale getirmek istiyoruz. Bu s\u00fcre\u00e7te ba\u015fta U\u015fak Tar\u0131m ve Orman M\u00fcd\u00fcrl\u00fc\u011f\u00fc olmak \u00fczere eme\u011fi ge\u00e7en herkese te\u015fekk\u00fcr ediyorum.&#8221; dedi.<br \/>\n<br \/>Etkinli\u011fe kat\u0131lan \u00f6\u011frenciler de do\u011faya katk\u0131 sunman\u0131n mutlulu\u011funu ya\u015fad\u0131klar\u0131n\u0131 belirterek, bu t\u00fcr faaliyetlerin \u00e7evre bilincini art\u0131rd\u0131\u011f\u0131n\u0131 dile getirdiler.<br \/>\n<br \/>Bir \u00f6\u011frenci d\u00fc\u015f\u00fcncelerini \u015fu s\u00f6zlerle ifade etti: &#8220;Kendi ellerimizle bir fidan dikmek \u00e7ok anlaml\u0131. Y\u0131llar sonra b\u00fcy\u00fcd\u00fc\u011f\u00fcn\u00fc g\u00f6rmek, \u00fcniversitemizde bizim de bir izimiz oldu\u011funu bilmek gurur verici.&#8221;<br \/>\n<br \/>Akademik ve idari personel ise etkinli\u011fin hem toplumsal hem de \u00e7evresel fark\u0131ndal\u0131k a\u00e7\u0131s\u0131ndan \u00f6nemli oldu\u011funu belirterek, benzer etkinliklerin s\u00fcrd\u00fcr\u00fclebilir bir \u00e7evre hedefi do\u011frultusunda d\u00fczenli olarak yap\u0131lmas\u0131n\u0131n \u00f6nemine vurgu yapt\u0131lar.<br \/><\/p>\n","protected":false},"excerpt":{"rendered":"<p>U\u015fak \u00dcniversitesi\u2019nde &#8220;11 Kas\u0131m Milli A\u011fa\u00e7land\u0131rma G\u00fcn\u00fc&#8221; kapsam\u0131nda, Yap\u0131 \u0130\u015fleri ve Teknik Daire Ba\u015fkanl\u0131\u011f\u0131 koordinasyonunda a\u011fa\u00e7 dikme etkinli\u011fi d\u00fczenlendi. U\u015fak \u00dcniversitesi yerle\u015fkesinde stadyum trib\u00fcn arkas\u0131 teras alanlar\u0131nda ger\u00e7ekle\u015fen etkinli\u011fe U\u015fak \u00dcniversitesi Rekt\u00f6r\u00fc Prof. Dr. Ekrem Sava\u015f, Rekt\u00f6r Yard\u0131mc\u0131s\u0131 Prof. Dr. Osman Birgin, akademik ve idari personel ile \u00f6\u011frenciler kat\u0131ld\u0131. Etkinlikte, kat\u0131l\u0131mc\u0131lar do\u011fan\u0131n korunmas\u0131 ve ye\u015fil&#8230;<\/p>\n","protected":false},"author":1,"featured_media":67245,"comment_status":"open","ping_status":"open","sticky":false,"template":"","format":"standard","meta":{"_crdt_document":"","footnotes":""},"categories":[1],"tags":[],"class_list":["post-67244","post","type-post","status-publish","format-standard","has-post-thumbnail","hentry","category-guncel"],"_links":{"self":[{"href":"https:\/\/www.egemtv.com\/index.php?rest_route=\/wp\/v2\/posts\/67244","targetHints":{"allow":["GET"]}}],"collection":[{"href":"https:\/\/www.egemtv.com\/index.php?rest_route=\/wp\/v2\/posts"}],"about":[{"href":"https:\/\/www.egemtv.com\/index.php?rest_route=\/wp\/v2\/types\/post"}],"author":[{"embeddable":true,"href":"https:\/\/www.egemtv.com\/index.php?rest_route=\/wp\/v2\/users\/1"}],"replies":[{"embeddable":true,"href":"https:\/\/www.egemtv.com\/index.php?rest_route=%2Fwp%2Fv2%2Fcomments&post=67244"}],"version-history":[{"count":1,"href":"https:\/\/www.egemtv.com\/index.php?rest_route=\/wp\/v2\/posts\/67244\/revisions"}],"predecessor-version":[{"id":67246,"href":"https:\/\/www.egemtv.com\/index.php?rest_route=\/wp\/v2\/posts\/67244\/revisions\/67246"}],"wp:featuredmedia":[{"embeddable":true,"href":"https:\/\/www.egemtv.com\/index.php?rest_route=\/wp\/v2\/media\/67245"}],"wp:attachment":[{"href":"https:\/\/www.egemtv.com\/index.php?rest_route=%2Fwp%2Fv2%2Fmedia&parent=67244"}],"wp:term":[{"taxonomy":"category","embeddable":true,"href":"https:\/\/www.egemtv.com\/index.php?rest_route=%2Fwp%2Fv2%2Fcategories&post=67244"},{"taxonomy":"post_tag","embeddable":true,"href":"https:\/\/www.egemtv.com\/index.php?rest_route=%2Fwp%2Fv2%2Ftags&post=67244"}],"curies":[{"name":"wp","href":"https:\/\/api.w.org\/{rel}","templated":true}]}}