{"id":67241,"date":"2025-11-11T22:34:32","date_gmt":"2025-11-11T19:34:32","guid":{"rendered":"https:\/\/www.egemtv.com\/?p=67241"},"modified":"2025-11-11T22:34:32","modified_gmt":"2025-11-11T19:34:32","slug":"datcada-tarlada-olu-olarak-bulundu","status":"publish","type":"post","link":"https:\/\/www.egemtv.com\/?p=67241","title":{"rendered":"Dat\u00e7a\u2019da tarlada \u00f6l\u00fc olarak bulundu"},"content":{"rendered":"<p>Mu\u011fla\u2019n\u0131n Dat\u00e7a il\u00e7esinde bir \u015fah\u0131s ailesi taraf\u0131ndan bir tarlada \u00f6l\u00fc olarak bulundu.<\/p>\n<p>Olay, Alavara Mevkii\u2019nde ak\u015fam saatlerinde meydana geldi. Edinilen bilgiye g\u00f6re, \u00c7\u0131nar \u00c7\u00fcmen (46) isimli vatanda\u015f ailesi ile birlikte \u00f6\u011fle saatlerinde tarlas\u0131na gitti. Tarladaki i\u015flerini s\u00fcrd\u00fcren \u00c7\u00fcmen ya\u011fmurun ya\u011fmas\u0131 ile birlikte yakla\u015f\u0131k 1 kilometre \u00f6tedeki b\u00f6lgedeki hayvanlar\u0131n\u0131 kontrol etmek i\u00e7in ailesinin yan\u0131ndan ayr\u0131ld\u0131. \u00c7\u00fcmen\u2019in uzun s\u00fcre geri gelmeyi\u015finden \u015f\u00fcphelenen ailesi kendi imkanlar\u0131 ile \u015fahs\u0131 aramaya ba\u015flad\u0131. \u00c7\u00fcmen\u2019i bulamayan ailesi durumu 112 Acil \u00c7a\u011fr\u0131 Merkezi\u2019ne bildirdi. \u0130hbar \u00fczerine b\u00f6lgeye jandarma ve MAG AME ekipleri sevk edildi. \u00c7\u00fcmen\u2019i bulmak i\u00e7in mahalle sakinlerinin de destek verdi\u011fi geni\u015f \u00e7apl\u0131 arama \u00e7al\u0131\u015fmas\u0131 ba\u015flat\u0131ld\u0131. \u00c7al\u0131\u015fmalar neticesinde \u00c7\u00fcmen bir a\u011fac\u0131n alt\u0131nda hareketsiz \u015fekilde bulundu. Sa\u011fl\u0131k ekiplerince yap\u0131lan kontrollerde \u015fahs\u0131n hayat\u0131n\u0131 kaybetti\u011fi tespit edildi. Ac\u0131 haberi alan ailesi yasa bo\u011fulurken, ilk incelemelere g\u00f6re \u00c7\u00fcmen\u2019in y\u0131ld\u0131r\u0131m \u00e7arpmas\u0131 neticesinde hayat\u0131n\u0131 kaybetti\u011fi \u015f\u00fcphesi \u00fczerinde duruldu\u011fu \u00f6\u011frenildi. Olay yeri inceleme \u00e7al\u0131\u015fmalar\u0131n\u0131n ard\u0131ndan \u00c7\u00fcmen\u2019in cans\u0131z bedeni hastane morguna kald\u0131r\u0131ld\u0131.<\/p>\n<p>Olayla ilgili soru\u015fturma s\u00fcr\u00fcyor.<br \/><\/p>\n","protected":false},"excerpt":{"rendered":"<p>Mu\u011fla\u2019n\u0131n Dat\u00e7a il\u00e7esinde bir \u015fah\u0131s ailesi taraf\u0131ndan bir tarlada \u00f6l\u00fc olarak bulundu. Olay, Alavara Mevkii\u2019nde ak\u015fam saatlerinde meydana geldi. Edinilen bilgiye g\u00f6re, \u00c7\u0131nar \u00c7\u00fcmen (46) isimli vatanda\u015f ailesi ile birlikte \u00f6\u011fle saatlerinde tarlas\u0131na gitti. Tarladaki i\u015flerini s\u00fcrd\u00fcren \u00c7\u00fcmen ya\u011fmurun ya\u011fmas\u0131 ile birlikte yakla\u015f\u0131k 1 kilometre \u00f6tedeki b\u00f6lgedeki hayvanlar\u0131n\u0131 kontrol etmek i\u00e7in ailesinin yan\u0131ndan ayr\u0131ld\u0131. \u00c7\u00fcmen\u2019in&#8230;<\/p>\n","protected":false},"author":1,"featured_media":67242,"comment_status":"open","ping_status":"open","sticky":false,"template":"","format":"standard","meta":{"_crdt_document":"","footnotes":""},"categories":[5],"tags":[],"class_list":["post-67241","post","type-post","status-publish","format-standard","has-post-thumbnail","hentry","category-asayis"],"_links":{"self":[{"href":"https:\/\/www.egemtv.com\/index.php?rest_route=\/wp\/v2\/posts\/67241","targetHints":{"allow":["GET"]}}],"collection":[{"href":"https:\/\/www.egemtv.com\/index.php?rest_route=\/wp\/v2\/posts"}],"about":[{"href":"https:\/\/www.egemtv.com\/index.php?rest_route=\/wp\/v2\/types\/post"}],"author":[{"embeddable":true,"href":"https:\/\/www.egemtv.com\/index.php?rest_route=\/wp\/v2\/users\/1"}],"replies":[{"embeddable":true,"href":"https:\/\/www.egemtv.com\/index.php?rest_route=%2Fwp%2Fv2%2Fcomments&post=67241"}],"version-history":[{"count":1,"href":"https:\/\/www.egemtv.com\/index.php?rest_route=\/wp\/v2\/posts\/67241\/revisions"}],"predecessor-version":[{"id":67243,"href":"https:\/\/www.egemtv.com\/index.php?rest_route=\/wp\/v2\/posts\/67241\/revisions\/67243"}],"wp:featuredmedia":[{"embeddable":true,"href":"https:\/\/www.egemtv.com\/index.php?rest_route=\/wp\/v2\/media\/67242"}],"wp:attachment":[{"href":"https:\/\/www.egemtv.com\/index.php?rest_route=%2Fwp%2Fv2%2Fmedia&parent=67241"}],"wp:term":[{"taxonomy":"category","embeddable":true,"href":"https:\/\/www.egemtv.com\/index.php?rest_route=%2Fwp%2Fv2%2Fcategories&post=67241"},{"taxonomy":"post_tag","embeddable":true,"href":"https:\/\/www.egemtv.com\/index.php?rest_route=%2Fwp%2Fv2%2Ftags&post=67241"}],"curies":[{"name":"wp","href":"https:\/\/api.w.org\/{rel}","templated":true}]}}