{"id":67238,"date":"2025-11-11T22:15:42","date_gmt":"2025-11-11T19:15:42","guid":{"rendered":"https:\/\/www.egemtv.com\/?p=67238"},"modified":"2025-11-11T22:15:43","modified_gmt":"2025-11-11T19:15:43","slug":"yataganda-otomobilin-carptigi-cocuk-yaralandi","status":"publish","type":"post","link":"https:\/\/www.egemtv.com\/?p=67238","title":{"rendered":"Yata\u011fan\u2019da otomobilin \u00e7arpt\u0131\u011f\u0131 \u00e7ocuk yaraland\u0131"},"content":{"rendered":"<p>Mu\u011fla\u2019n\u0131n Yata\u011fan il\u00e7esinde otomobilin \u00e7arpt\u0131\u011f\u0131 15 ya\u015f\u0131ndaki \u00e7ocuk a\u011f\u0131r \u015fekilde yaraland\u0131.<br \/>\n<br \/>Kaza, Yata\u011fan-Mu\u011fla karayolu \u00fczerindeki Bozarmut Mahallesi trafik \u0131\u015f\u0131klar\u0131nda meydana geldi.  Edinilen bilgilere g\u00f6re, seyir halindeki T. T. idaresindeki 20 AOZ 473 plakal\u0131 ara\u00e7, yaya ge\u00e7idinden yolun kar\u015f\u0131s\u0131na ge\u00e7mekte olan 15 ya\u015f\u0131ndaki \u00d6.K\u2019ye \u00e7arpt\u0131. Kazada, 15 ya\u015f\u0131ndaki \u00d6.K. a\u011f\u0131r \u015fekilde yaraland\u0131. \u00c7arpman\u0131n etkisiyle yaralanan gen\u00e7, olay yerine \u00e7a\u011fr\u0131lan sa\u011fl\u0131k ekiplerince yap\u0131lan ilk m\u00fcdahalenin ard\u0131ndan Yata\u011fan Devlet Hastanesi\u2019ne kald\u0131r\u0131ld\u0131.<br \/>\n<br \/>Kazayla ilgili inceleme ba\u015flat\u0131ld\u0131.<br \/><\/p>\n","protected":false},"excerpt":{"rendered":"<p>Mu\u011fla\u2019n\u0131n Yata\u011fan il\u00e7esinde otomobilin \u00e7arpt\u0131\u011f\u0131 15 ya\u015f\u0131ndaki \u00e7ocuk a\u011f\u0131r \u015fekilde yaraland\u0131. Kaza, Yata\u011fan-Mu\u011fla karayolu \u00fczerindeki Bozarmut Mahallesi trafik \u0131\u015f\u0131klar\u0131nda meydana geldi. Edinilen bilgilere g\u00f6re, seyir halindeki T. T. idaresindeki 20 AOZ 473 plakal\u0131 ara\u00e7, yaya ge\u00e7idinden yolun kar\u015f\u0131s\u0131na ge\u00e7mekte olan 15 ya\u015f\u0131ndaki \u00d6.K\u2019ye \u00e7arpt\u0131. Kazada, 15 ya\u015f\u0131ndaki \u00d6.K. a\u011f\u0131r \u015fekilde yaraland\u0131. \u00c7arpman\u0131n etkisiyle yaralanan gen\u00e7,&#8230;<\/p>\n","protected":false},"author":1,"featured_media":67239,"comment_status":"open","ping_status":"open","sticky":false,"template":"","format":"standard","meta":{"_crdt_document":"","footnotes":""},"categories":[5],"tags":[],"class_list":["post-67238","post","type-post","status-publish","format-standard","has-post-thumbnail","hentry","category-asayis"],"_links":{"self":[{"href":"https:\/\/www.egemtv.com\/index.php?rest_route=\/wp\/v2\/posts\/67238","targetHints":{"allow":["GET"]}}],"collection":[{"href":"https:\/\/www.egemtv.com\/index.php?rest_route=\/wp\/v2\/posts"}],"about":[{"href":"https:\/\/www.egemtv.com\/index.php?rest_route=\/wp\/v2\/types\/post"}],"author":[{"embeddable":true,"href":"https:\/\/www.egemtv.com\/index.php?rest_route=\/wp\/v2\/users\/1"}],"replies":[{"embeddable":true,"href":"https:\/\/www.egemtv.com\/index.php?rest_route=%2Fwp%2Fv2%2Fcomments&post=67238"}],"version-history":[{"count":1,"href":"https:\/\/www.egemtv.com\/index.php?rest_route=\/wp\/v2\/posts\/67238\/revisions"}],"predecessor-version":[{"id":67240,"href":"https:\/\/www.egemtv.com\/index.php?rest_route=\/wp\/v2\/posts\/67238\/revisions\/67240"}],"wp:featuredmedia":[{"embeddable":true,"href":"https:\/\/www.egemtv.com\/index.php?rest_route=\/wp\/v2\/media\/67239"}],"wp:attachment":[{"href":"https:\/\/www.egemtv.com\/index.php?rest_route=%2Fwp%2Fv2%2Fmedia&parent=67238"}],"wp:term":[{"taxonomy":"category","embeddable":true,"href":"https:\/\/www.egemtv.com\/index.php?rest_route=%2Fwp%2Fv2%2Fcategories&post=67238"},{"taxonomy":"post_tag","embeddable":true,"href":"https:\/\/www.egemtv.com\/index.php?rest_route=%2Fwp%2Fv2%2Ftags&post=67238"}],"curies":[{"name":"wp","href":"https:\/\/api.w.org\/{rel}","templated":true}]}}