{"id":67235,"date":"2025-11-11T20:34:51","date_gmt":"2025-11-11T17:34:51","guid":{"rendered":"https:\/\/www.egemtv.com\/?p=67235"},"modified":"2025-11-11T20:34:51","modified_gmt":"2025-11-11T17:34:51","slug":"otizmli-ogrenciyi-merdivenden-iten-mudur-tutuklandi","status":"publish","type":"post","link":"https:\/\/www.egemtv.com\/?p=67235","title":{"rendered":"Otizmli \u00f6\u011frenciyi merdivenden iten m\u00fcd\u00fcr tutukland\u0131"},"content":{"rendered":"<p>Manisa\u2019n\u0131n Turgutlu il\u00e7esinde bir okulda otizmli \u00e7ocu\u011fu merdivenden itti\u011fi iddias\u0131yla g\u00f6zalt\u0131na al\u0131nan okul m\u00fcd\u00fcr\u00fc, sevk edildi\u011fi adli makamlaraca tutukland\u0131.<br \/>\n<br \/>Manisa\u2019n\u0131n Turgutlu il\u00e7esinde 5 Kas\u0131m g\u00fcn\u00fc Irlamaz Refik P\u0131nar Ortaokulu\u2019nda ya\u015fanan olayda okul m\u00fcd\u00fcr\u00fc Bekir G.\u2019nin otizmli \u00f6\u011frenciyi merdivenden itmesinin g\u00fcvenlik kamera kayd\u0131n\u0131n bas\u0131nda yer almas\u0131 \u00fczerine jandarma ekipleri taraf\u0131ndan okul m\u00fcd\u00fcr\u00fc g\u00f6zalt\u0131na al\u0131nd\u0131.<br \/>\n<br \/>Jandarmadaki i\u015flemlerinin ard\u0131ndan adliyeye sevk edilen okul m\u00fcd\u00fcr\u00fc Bekir G., \u00e7\u0131kar\u0131ld\u0131\u011f\u0131 mahkemece \u2019Kendini savunamayacak ya\u015fta \u00e7ocu\u011fa kasten yaralama\u2019 su\u00e7undan tutuklanarak cezaevine g\u00f6nderildi.<br \/>\n<br \/>Olayla ilgili soru\u015fturman\u0131n s\u00fcrd\u00fc\u011f\u00fc \u00f6\u011frenildi.<br \/><\/p>\n","protected":false},"excerpt":{"rendered":"<p>Manisa\u2019n\u0131n Turgutlu il\u00e7esinde bir okulda otizmli \u00e7ocu\u011fu merdivenden itti\u011fi iddias\u0131yla g\u00f6zalt\u0131na al\u0131nan okul m\u00fcd\u00fcr\u00fc, sevk edildi\u011fi adli makamlaraca tutukland\u0131. Manisa\u2019n\u0131n Turgutlu il\u00e7esinde 5 Kas\u0131m g\u00fcn\u00fc Irlamaz Refik P\u0131nar Ortaokulu\u2019nda ya\u015fanan olayda okul m\u00fcd\u00fcr\u00fc Bekir G.\u2019nin otizmli \u00f6\u011frenciyi merdivenden itmesinin g\u00fcvenlik kamera kayd\u0131n\u0131n bas\u0131nda yer almas\u0131 \u00fczerine jandarma ekipleri taraf\u0131ndan okul m\u00fcd\u00fcr\u00fc g\u00f6zalt\u0131na al\u0131nd\u0131. Jandarmadaki i\u015flemlerinin&#8230;<\/p>\n","protected":false},"author":1,"featured_media":67236,"comment_status":"open","ping_status":"open","sticky":false,"template":"","format":"standard","meta":{"_crdt_document":"","footnotes":""},"categories":[5],"tags":[],"class_list":["post-67235","post","type-post","status-publish","format-standard","has-post-thumbnail","hentry","category-asayis"],"_links":{"self":[{"href":"https:\/\/www.egemtv.com\/index.php?rest_route=\/wp\/v2\/posts\/67235","targetHints":{"allow":["GET"]}}],"collection":[{"href":"https:\/\/www.egemtv.com\/index.php?rest_route=\/wp\/v2\/posts"}],"about":[{"href":"https:\/\/www.egemtv.com\/index.php?rest_route=\/wp\/v2\/types\/post"}],"author":[{"embeddable":true,"href":"https:\/\/www.egemtv.com\/index.php?rest_route=\/wp\/v2\/users\/1"}],"replies":[{"embeddable":true,"href":"https:\/\/www.egemtv.com\/index.php?rest_route=%2Fwp%2Fv2%2Fcomments&post=67235"}],"version-history":[{"count":1,"href":"https:\/\/www.egemtv.com\/index.php?rest_route=\/wp\/v2\/posts\/67235\/revisions"}],"predecessor-version":[{"id":67237,"href":"https:\/\/www.egemtv.com\/index.php?rest_route=\/wp\/v2\/posts\/67235\/revisions\/67237"}],"wp:featuredmedia":[{"embeddable":true,"href":"https:\/\/www.egemtv.com\/index.php?rest_route=\/wp\/v2\/media\/67236"}],"wp:attachment":[{"href":"https:\/\/www.egemtv.com\/index.php?rest_route=%2Fwp%2Fv2%2Fmedia&parent=67235"}],"wp:term":[{"taxonomy":"category","embeddable":true,"href":"https:\/\/www.egemtv.com\/index.php?rest_route=%2Fwp%2Fv2%2Fcategories&post=67235"},{"taxonomy":"post_tag","embeddable":true,"href":"https:\/\/www.egemtv.com\/index.php?rest_route=%2Fwp%2Fv2%2Ftags&post=67235"}],"curies":[{"name":"wp","href":"https:\/\/api.w.org\/{rel}","templated":true}]}}