{"id":67232,"date":"2025-11-11T19:54:40","date_gmt":"2025-11-11T16:54:40","guid":{"rendered":"https:\/\/www.egemtv.com\/?p=67232"},"modified":"2025-11-11T19:54:41","modified_gmt":"2025-11-11T16:54:41","slug":"fethiyede-20si-cocuk-40-duzensiz-gocmen-yakalandi","status":"publish","type":"post","link":"https:\/\/www.egemtv.com\/?p=67232","title":{"rendered":"Fethiye\u2019de 20\u2019si \u00e7ocuk 40 d\u00fczensiz g\u00f6\u00e7men yakaland\u0131"},"content":{"rendered":"<p>Mu\u011fla\u2019n\u0131n Fethiye il\u00e7esinde karada 29\u2019si \u00e7ocuk toplam 40 d\u00fczensiz g\u00f6\u00e7men Sahil G\u00fcvenlik ekipleri taraf\u0131ndan yakaland\u0131.<br \/>\n<br \/>Fethiye il\u00e7esi \u00c7ukuryurt mevkiinde bir grup d\u00fczensiz g\u00f6\u00e7men oldu\u011fu bilgisinin al\u0131nmas\u0131 \u00fczerine g\u00f6revlendirilen Sahil G\u00fcvenlik Botu (KB-82) ve Sahil G\u00fcvenlik Dal\u0131\u015f Timi taraf\u0131ndan kara \u00fczerinde tespit edilen 20 d\u00fczensiz g\u00f6\u00e7men (beraberinde 20 \u00e7ocuk) yakaland\u0131.<br \/><\/p>\n","protected":false},"excerpt":{"rendered":"<p>Mu\u011fla\u2019n\u0131n Fethiye il\u00e7esinde karada 29\u2019si \u00e7ocuk toplam 40 d\u00fczensiz g\u00f6\u00e7men Sahil G\u00fcvenlik ekipleri taraf\u0131ndan yakaland\u0131. Fethiye il\u00e7esi \u00c7ukuryurt mevkiinde bir grup d\u00fczensiz g\u00f6\u00e7men oldu\u011fu bilgisinin al\u0131nmas\u0131 \u00fczerine g\u00f6revlendirilen Sahil G\u00fcvenlik Botu (KB-82) ve Sahil G\u00fcvenlik Dal\u0131\u015f Timi taraf\u0131ndan kara \u00fczerinde tespit edilen 20 d\u00fczensiz g\u00f6\u00e7men (beraberinde 20 \u00e7ocuk) yakaland\u0131.<\/p>\n","protected":false},"author":1,"featured_media":67233,"comment_status":"open","ping_status":"open","sticky":false,"template":"","format":"standard","meta":{"_crdt_document":"","footnotes":""},"categories":[5],"tags":[],"class_list":["post-67232","post","type-post","status-publish","format-standard","has-post-thumbnail","hentry","category-asayis"],"_links":{"self":[{"href":"https:\/\/www.egemtv.com\/index.php?rest_route=\/wp\/v2\/posts\/67232","targetHints":{"allow":["GET"]}}],"collection":[{"href":"https:\/\/www.egemtv.com\/index.php?rest_route=\/wp\/v2\/posts"}],"about":[{"href":"https:\/\/www.egemtv.com\/index.php?rest_route=\/wp\/v2\/types\/post"}],"author":[{"embeddable":true,"href":"https:\/\/www.egemtv.com\/index.php?rest_route=\/wp\/v2\/users\/1"}],"replies":[{"embeddable":true,"href":"https:\/\/www.egemtv.com\/index.php?rest_route=%2Fwp%2Fv2%2Fcomments&post=67232"}],"version-history":[{"count":1,"href":"https:\/\/www.egemtv.com\/index.php?rest_route=\/wp\/v2\/posts\/67232\/revisions"}],"predecessor-version":[{"id":67234,"href":"https:\/\/www.egemtv.com\/index.php?rest_route=\/wp\/v2\/posts\/67232\/revisions\/67234"}],"wp:featuredmedia":[{"embeddable":true,"href":"https:\/\/www.egemtv.com\/index.php?rest_route=\/wp\/v2\/media\/67233"}],"wp:attachment":[{"href":"https:\/\/www.egemtv.com\/index.php?rest_route=%2Fwp%2Fv2%2Fmedia&parent=67232"}],"wp:term":[{"taxonomy":"category","embeddable":true,"href":"https:\/\/www.egemtv.com\/index.php?rest_route=%2Fwp%2Fv2%2Fcategories&post=67232"},{"taxonomy":"post_tag","embeddable":true,"href":"https:\/\/www.egemtv.com\/index.php?rest_route=%2Fwp%2Fv2%2Ftags&post=67232"}],"curies":[{"name":"wp","href":"https:\/\/api.w.org\/{rel}","templated":true}]}}