{"id":67229,"date":"2025-11-11T19:54:39","date_gmt":"2025-11-11T16:54:39","guid":{"rendered":"https:\/\/www.egemtv.com\/?p=67229"},"modified":"2025-11-11T19:54:40","modified_gmt":"2025-11-11T16:54:40","slug":"kavakliderede-11-11-saat-11-11de-11-cift-ailem-bir-fidan-diyerek-gelecege-nefes-oldu","status":"publish","type":"post","link":"https:\/\/www.egemtv.com\/?p=67229","title":{"rendered":"Kavakl\u0131dere\u2019de 11.11 Saat 11.11\u2019de: 11 \u00c7ift, &#8220;Ailem Bir Fidan&#8221; diyerek gelece\u011fe nefes oldu"},"content":{"rendered":"<p>T\u00fcrkiye\u2019nin d\u00f6rt bir yan\u0131nda \u2018Mill\u00ee A\u011fa\u00e7land\u0131rma G\u00fcn\u00fc\u2019 heyecan\u0131 ya\u015fan\u0131rken, Mu\u011fla\u2019n\u0131n Kavakl\u0131dere il\u00e7esinde d\u00fczenlenen etkinlik, hem \u2018Ye\u015fil Vatan Seferberli\u011fi\u2019ne, hem de 2025 Aile Y\u0131l\u0131na damga vurdu.<br \/>\n<br \/>Mill\u00ee A\u011fa\u00e7land\u0131rma G\u00fcn\u00fc kapsam\u0131nda ger\u00e7ekle\u015ftirilen fidan dikiminin yan\u0131 s\u0131ra, saat 11.11\u2019de 11 \u00e7ift de 11 \u00e7\u0131nar fidan\u0131n\u0131 ayn\u0131 anda toprakla bulu\u015fturarak \u2018Ailemiz fidan\u0131m\u0131z, ailemiz gelece\u011fimiz\u2019 mesaj\u0131n\u0131 verdi.<br \/>\n<br \/>Kavakl\u0131dere Kaymakaml\u0131\u011f\u0131 himayesinde ve \u0130l\u00e7e Orman \u0130\u015fletme M\u00fcd\u00fcrl\u00fc\u011f\u00fcnce ger\u00e7ekle\u015ftirilen etkinlikte, fidanlar \u2018Aile Hat\u0131ra Orman\u0131\u2019nda k\u00f6k sald\u0131. Bug\u00fcn evlili\u011fe ilk ad\u0131m\u0131 atacak olan Neslihan Barbaroso\u011flu ve orman i\u015f\u00e7isi Emre Y\u00f6r\u00fck \u00e7ifti de fidanlar\u0131n\u0131 toprakla bulu\u015fturarak anlaml\u0131 g\u00fcne ortak oldu. Her bir fidan, bir aileyi temsil etti; dikilen fidanlara \u00e7iftlerin isimleri verilerek \u2018&#8221;Aile Hat\u0131ra Orman\u0131\u2019 olu\u015fturuldu.<br \/>\n<br \/>Kaymakam Argama: &#8220;Hem Ye\u015fil Vatan\u2019a hem Aile Y\u0131l\u0131\u2019na nefes oluyoruz&#8221;<br \/>\n<br \/>Etkinlikte konu\u015fan Kavakl\u0131dere Kaymakam\u0131 Ali Argama, bug\u00fcn\u00fcn hem do\u011fa, hem de aile a\u00e7\u0131s\u0131ndan anlaml\u0131 bir g\u00fcne d\u00f6n\u00fc\u015ft\u00fc\u011f\u00fcn\u00fc belirtti. Kaymakam Argama, &#8220;Bug\u00fcn Ye\u015fil Vatan seferberli\u011fimizin yan\u0131 s\u0131ra 2025 Aile Y\u0131l\u0131\u2019na da vurgu yap\u0131yoruz. Kaymakaml\u0131\u011f\u0131m\u0131z\u0131n \u2018Aile Saati, Aile Saadeti; Sessiz Ekranlar, G\u00fc\u00e7l\u00fc Ba\u011flar\u2019 projesini bir y\u0131ld\u0131r il\u00e7e belediyesi ve t\u00fcm kurumlar\u0131m\u0131zla birlikte y\u00fcr\u00fct\u00fcyoruz. Bu projeyle dijital ba\u011f\u0131ml\u0131l\u0131\u011f\u0131 azaltarak aile ba\u011flar\u0131n\u0131 g\u00fc\u00e7lendirmeyi hedefliyoruz. Neslihan karde\u015fimiz ge\u00e7en y\u0131l hay\u0131rl\u0131 olsuna geldi\u011finde evlilik tavsiyesinde bulunmu\u015ftuk, bug\u00fcn o tavsiyeye uyan bir \u00e7iftimizin mutlulu\u011funa \u015fahitlik ediyoruz&#8221; dedi.<br \/>\n<br \/>&#8220;Alt\u0131n de\u011fil, sadelik \u00f6nemli&#8221;<br \/>\n<br \/>Kaymakam Argama, sade evlilikleri \u00f6zendirmek amac\u0131yla \u00e7ifte \u00e7i\u00e7ek ta\u00e7\u0131 takdim ederek \u015fu ifadeleri kulland\u0131:<br \/>\n<br \/>&#8220;Bug\u00fcn ba\u015fta Neslihan ve Emre karde\u015fimiz olmak \u00fczere 11 \u00e7iftimiz, \u00e7\u0131nar fidan\u0131 dikerek \u2018Ailemiz gelece\u011fimiz, ailemiz \u00e7\u0131nar\u0131m\u0131z\u2019 vurgusu yap\u0131yor. Neslihan karde\u015fime; sadeli\u011fi, zarafeti ve g\u00fczelli\u011fi temsil eden bir \u00e7i\u00e7ek ta\u00e7\u0131 takdim ediyorum. D\u00fc\u011f\u00fcnlerinin sade, mutluluklar\u0131n\u0131n ziyade olmas\u0131n\u0131 temenni ediyorum. T\u00fcm ailelerimize buradan \u00e7a\u011fr\u0131da bulunuyorum: &#8220;Evlilikleri kolayla\u015ft\u0131r\u0131n, zorla\u015ft\u0131rmay\u0131n&#8221;<br \/>\n<br \/>Kaymakam Ali Argama, &#8220;G\u00f6lgesinde asla oturamayaca\u011f\u0131n\u0131 bildi\u011fi h\u00e2lde a\u011fa\u00e7 diken insan, hayat\u0131n anlam\u0131n\u0131 \u00e7\u00f6zmeye ba\u015flam\u0131\u015ft\u0131r. Bug\u00fcn hem do\u011fay\u0131 ye\u015fertiyor, hem de aile ba\u011flar\u0131m\u0131z\u0131 g\u00fc\u00e7lendiriyoruz&#8221;<br \/>\n<br \/>Etkinlik sonunda, \u2018Ailemiz Fidan\u0131m\u0131z\u2019 mesaj\u0131yla alana ad\u0131n\u0131 veren Aile Hat\u0131ra Orman\u0131, gelecek ku\u015faklara b\u0131rak\u0131lacak ye\u015fil bir miras olarak kay\u0131tlara ge\u00e7ti.<br \/><\/p>\n","protected":false},"excerpt":{"rendered":"<p>T\u00fcrkiye\u2019nin d\u00f6rt bir yan\u0131nda \u2018Mill\u00ee A\u011fa\u00e7land\u0131rma G\u00fcn\u00fc\u2019 heyecan\u0131 ya\u015fan\u0131rken, Mu\u011fla\u2019n\u0131n Kavakl\u0131dere il\u00e7esinde d\u00fczenlenen etkinlik, hem \u2018Ye\u015fil Vatan Seferberli\u011fi\u2019ne, hem de 2025 Aile Y\u0131l\u0131na damga vurdu. Mill\u00ee A\u011fa\u00e7land\u0131rma G\u00fcn\u00fc kapsam\u0131nda ger\u00e7ekle\u015ftirilen fidan dikiminin yan\u0131 s\u0131ra, saat 11.11\u2019de 11 \u00e7ift de 11 \u00e7\u0131nar fidan\u0131n\u0131 ayn\u0131 anda toprakla bulu\u015fturarak \u2018Ailemiz fidan\u0131m\u0131z, ailemiz gelece\u011fimiz\u2019 mesaj\u0131n\u0131 verdi. Kavakl\u0131dere Kaymakaml\u0131\u011f\u0131 himayesinde&#8230;<\/p>\n","protected":false},"author":1,"featured_media":67230,"comment_status":"open","ping_status":"open","sticky":false,"template":"","format":"standard","meta":{"_crdt_document":"","footnotes":""},"categories":[1],"tags":[],"class_list":["post-67229","post","type-post","status-publish","format-standard","has-post-thumbnail","hentry","category-guncel"],"_links":{"self":[{"href":"https:\/\/www.egemtv.com\/index.php?rest_route=\/wp\/v2\/posts\/67229","targetHints":{"allow":["GET"]}}],"collection":[{"href":"https:\/\/www.egemtv.com\/index.php?rest_route=\/wp\/v2\/posts"}],"about":[{"href":"https:\/\/www.egemtv.com\/index.php?rest_route=\/wp\/v2\/types\/post"}],"author":[{"embeddable":true,"href":"https:\/\/www.egemtv.com\/index.php?rest_route=\/wp\/v2\/users\/1"}],"replies":[{"embeddable":true,"href":"https:\/\/www.egemtv.com\/index.php?rest_route=%2Fwp%2Fv2%2Fcomments&post=67229"}],"version-history":[{"count":1,"href":"https:\/\/www.egemtv.com\/index.php?rest_route=\/wp\/v2\/posts\/67229\/revisions"}],"predecessor-version":[{"id":67231,"href":"https:\/\/www.egemtv.com\/index.php?rest_route=\/wp\/v2\/posts\/67229\/revisions\/67231"}],"wp:featuredmedia":[{"embeddable":true,"href":"https:\/\/www.egemtv.com\/index.php?rest_route=\/wp\/v2\/media\/67230"}],"wp:attachment":[{"href":"https:\/\/www.egemtv.com\/index.php?rest_route=%2Fwp%2Fv2%2Fmedia&parent=67229"}],"wp:term":[{"taxonomy":"category","embeddable":true,"href":"https:\/\/www.egemtv.com\/index.php?rest_route=%2Fwp%2Fv2%2Fcategories&post=67229"},{"taxonomy":"post_tag","embeddable":true,"href":"https:\/\/www.egemtv.com\/index.php?rest_route=%2Fwp%2Fv2%2Ftags&post=67229"}],"curies":[{"name":"wp","href":"https:\/\/api.w.org\/{rel}","templated":true}]}}