{"id":67226,"date":"2025-11-11T19:14:50","date_gmt":"2025-11-11T16:14:50","guid":{"rendered":"https:\/\/www.egemtv.com\/?p=67226"},"modified":"2025-11-11T19:14:50","modified_gmt":"2025-11-11T16:14:50","slug":"seyir-halindeki-minibusun-ustune-agac-devrildi","status":"publish","type":"post","link":"https:\/\/www.egemtv.com\/?p=67226","title":{"rendered":"Seyir halindeki minib\u00fcs\u00fcn \u00fcst\u00fcne a\u011fa\u00e7 devrildi"},"content":{"rendered":"<p>Mu\u011fla\u2019n\u0131n Yata\u011fan il\u00e7esinde meydana gelen ilgin\u00e7 kazada, seyir halindeki bir dolmu\u015fun \u00fczerine \u00e7am a\u011fac\u0131 devrildi.<\/p>\n<p>Edinilen bilgiye g\u00f6re, Yata\u011fan Merkez &#8211; Yukar\u0131yayla Mahallesi g\u00fczerg\u00e2h\u0131nda ilerleyen Ali Kaya y\u00f6netimindeki 48 HA 9061 plakal\u0131 minib\u00fcs, Elmac\u0131k Mahallesi giri\u015fine geldi\u011fi s\u0131rada hen\u00fcz belirlenemeyen bir nedenle yol kenar\u0131ndaki \u00e7am a\u011fac\u0131 arac\u0131n \u00fczerine devrildi. Arac\u0131n motor ve \u00f6n kaput k\u0131sm\u0131nda hasar meydana geldi. R\u00fczgardan kaynakland\u0131\u011f\u0131 tahmin edilen kazan an\u0131nda dolmu\u015fta bulunan 1 kad\u0131n ve 1 \u00e7ocuk yolcu, b\u00fcy\u00fck bir korku ya\u015fad\u0131. S\u00fcr\u00fcc\u00fc Ali Kaya yara almazken, 5 ya\u015f\u0131ndaki E.C. ve annesi G.C. tedbir ama\u00e7l\u0131 olarak olay yerine \u00e7a\u011fr\u0131lan ambulansla Yata\u011fan Devlet Hastanesi\u2019ne kald\u0131r\u0131ld\u0131.<br \/>\n<br \/>Kazayla ilgili inceleme ba\u015flat\u0131ld\u0131.<br \/><\/p>\n","protected":false},"excerpt":{"rendered":"<p>Mu\u011fla\u2019n\u0131n Yata\u011fan il\u00e7esinde meydana gelen ilgin\u00e7 kazada, seyir halindeki bir dolmu\u015fun \u00fczerine \u00e7am a\u011fac\u0131 devrildi. Edinilen bilgiye g\u00f6re, Yata\u011fan Merkez &#8211; Yukar\u0131yayla Mahallesi g\u00fczerg\u00e2h\u0131nda ilerleyen Ali Kaya y\u00f6netimindeki 48 HA 9061 plakal\u0131 minib\u00fcs, Elmac\u0131k Mahallesi giri\u015fine geldi\u011fi s\u0131rada hen\u00fcz belirlenemeyen bir nedenle yol kenar\u0131ndaki \u00e7am a\u011fac\u0131 arac\u0131n \u00fczerine devrildi. Arac\u0131n motor ve \u00f6n kaput k\u0131sm\u0131nda&#8230;<\/p>\n","protected":false},"author":1,"featured_media":67227,"comment_status":"open","ping_status":"open","sticky":false,"template":"","format":"standard","meta":{"_crdt_document":"","footnotes":""},"categories":[5],"tags":[],"class_list":["post-67226","post","type-post","status-publish","format-standard","has-post-thumbnail","hentry","category-asayis"],"_links":{"self":[{"href":"https:\/\/www.egemtv.com\/index.php?rest_route=\/wp\/v2\/posts\/67226","targetHints":{"allow":["GET"]}}],"collection":[{"href":"https:\/\/www.egemtv.com\/index.php?rest_route=\/wp\/v2\/posts"}],"about":[{"href":"https:\/\/www.egemtv.com\/index.php?rest_route=\/wp\/v2\/types\/post"}],"author":[{"embeddable":true,"href":"https:\/\/www.egemtv.com\/index.php?rest_route=\/wp\/v2\/users\/1"}],"replies":[{"embeddable":true,"href":"https:\/\/www.egemtv.com\/index.php?rest_route=%2Fwp%2Fv2%2Fcomments&post=67226"}],"version-history":[{"count":1,"href":"https:\/\/www.egemtv.com\/index.php?rest_route=\/wp\/v2\/posts\/67226\/revisions"}],"predecessor-version":[{"id":67228,"href":"https:\/\/www.egemtv.com\/index.php?rest_route=\/wp\/v2\/posts\/67226\/revisions\/67228"}],"wp:featuredmedia":[{"embeddable":true,"href":"https:\/\/www.egemtv.com\/index.php?rest_route=\/wp\/v2\/media\/67227"}],"wp:attachment":[{"href":"https:\/\/www.egemtv.com\/index.php?rest_route=%2Fwp%2Fv2%2Fmedia&parent=67226"}],"wp:term":[{"taxonomy":"category","embeddable":true,"href":"https:\/\/www.egemtv.com\/index.php?rest_route=%2Fwp%2Fv2%2Fcategories&post=67226"},{"taxonomy":"post_tag","embeddable":true,"href":"https:\/\/www.egemtv.com\/index.php?rest_route=%2Fwp%2Fv2%2Ftags&post=67226"}],"curies":[{"name":"wp","href":"https:\/\/api.w.org\/{rel}","templated":true}]}}