{"id":67223,"date":"2025-11-11T18:34:48","date_gmt":"2025-11-11T15:34:48","guid":{"rendered":"https:\/\/www.egemtv.com\/?p=67223"},"modified":"2025-11-11T18:34:48","modified_gmt":"2025-11-11T15:34:48","slug":"manisa-fkda-taner-taskin-donemi-sona-erdi","status":"publish","type":"post","link":"https:\/\/www.egemtv.com\/?p=67223","title":{"rendered":"Manisa FK\u2019da Taner Ta\u015fk\u0131n d\u00f6nemi sona erdi"},"content":{"rendered":"<p>Trendyol 1. Lig ekiplerinden Manisa Futbol Kul\u00fcb\u00fc, teknik direkt\u00f6r Taner Ta\u015fk\u0131n ile yollar\u0131n\u0131 ay\u0131rd\u0131.<br \/>\n<br \/>Kul\u00fcpten yap\u0131lan yaz\u0131l\u0131 a\u00e7\u0131klamada, kar\u015f\u0131l\u0131kl\u0131 anla\u015fma sonucu Teknik Direkt\u00f6r Taner Ta\u015fk\u0131n ile yollar\u0131n ayr\u0131ld\u0131\u011f\u0131 belirtilerek, &#8220;Yap\u0131lan ortak de\u011ferlendirmeler sonucunda mevcut ko\u015fullar do\u011frultusunda bir de\u011fi\u015fimin Manisa Futbol Kul\u00fcb\u00fc ad\u0131na daha uygun olaca\u011f\u0131 y\u00f6n\u00fcnde kar\u015f\u0131l\u0131kl\u0131 g\u00f6r\u00fc\u015f birli\u011fine var\u0131lm\u0131\u015ft\u0131r&#8221; denildi.<br \/>\n<br \/>A\u00e7\u0131klamada, Taner Ta\u015fk\u0131n\u2019\u0131n g\u00f6rev s\u00fcresince sergiledi\u011fi \u00f6zverili \u00e7al\u0131\u015fmalar ve profesyonel duru\u015fun kul\u00fcp taraf\u0131ndan takdirle kar\u015f\u0131land\u0131\u011f\u0131 vurgulanarak, &#8220;Ge\u00e7ti\u011fimiz sezon tak\u0131m\u0131m\u0131z\u0131n ligde kalmas\u0131nda g\u00f6sterdi\u011fi \u00f6nemli katk\u0131 nedeniyle kendisine te\u015fekk\u00fcr eder, kariyerinin bundan sonraki d\u00f6neminde ba\u015far\u0131lar dileriz&#8221; ifadelerine yer verildi.<br \/>\n<br \/>Manisa FK, a\u00e7\u0131klamas\u0131n\u0131n sonunda kul\u00fcb\u00fcn hedefleri do\u011frultusunda gerekli ad\u0131mlar\u0131 kararl\u0131l\u0131kla atmaya devam edece\u011fini kamuoyuna bildirdi.<br \/><\/p>\n","protected":false},"excerpt":{"rendered":"<p>Trendyol 1. Lig ekiplerinden Manisa Futbol Kul\u00fcb\u00fc, teknik direkt\u00f6r Taner Ta\u015fk\u0131n ile yollar\u0131n\u0131 ay\u0131rd\u0131. Kul\u00fcpten yap\u0131lan yaz\u0131l\u0131 a\u00e7\u0131klamada, kar\u015f\u0131l\u0131kl\u0131 anla\u015fma sonucu Teknik Direkt\u00f6r Taner Ta\u015fk\u0131n ile yollar\u0131n ayr\u0131ld\u0131\u011f\u0131 belirtilerek, &#8220;Yap\u0131lan ortak de\u011ferlendirmeler sonucunda mevcut ko\u015fullar do\u011frultusunda bir de\u011fi\u015fimin Manisa Futbol Kul\u00fcb\u00fc ad\u0131na daha uygun olaca\u011f\u0131 y\u00f6n\u00fcnde kar\u015f\u0131l\u0131kl\u0131 g\u00f6r\u00fc\u015f birli\u011fine var\u0131lm\u0131\u015ft\u0131r&#8221; denildi. A\u00e7\u0131klamada, Taner Ta\u015fk\u0131n\u2019\u0131n g\u00f6rev&#8230;<\/p>\n","protected":false},"author":1,"featured_media":67224,"comment_status":"open","ping_status":"open","sticky":false,"template":"","format":"standard","meta":{"_crdt_document":"","footnotes":""},"categories":[4],"tags":[],"class_list":["post-67223","post","type-post","status-publish","format-standard","has-post-thumbnail","hentry","category-spor"],"_links":{"self":[{"href":"https:\/\/www.egemtv.com\/index.php?rest_route=\/wp\/v2\/posts\/67223","targetHints":{"allow":["GET"]}}],"collection":[{"href":"https:\/\/www.egemtv.com\/index.php?rest_route=\/wp\/v2\/posts"}],"about":[{"href":"https:\/\/www.egemtv.com\/index.php?rest_route=\/wp\/v2\/types\/post"}],"author":[{"embeddable":true,"href":"https:\/\/www.egemtv.com\/index.php?rest_route=\/wp\/v2\/users\/1"}],"replies":[{"embeddable":true,"href":"https:\/\/www.egemtv.com\/index.php?rest_route=%2Fwp%2Fv2%2Fcomments&post=67223"}],"version-history":[{"count":1,"href":"https:\/\/www.egemtv.com\/index.php?rest_route=\/wp\/v2\/posts\/67223\/revisions"}],"predecessor-version":[{"id":67225,"href":"https:\/\/www.egemtv.com\/index.php?rest_route=\/wp\/v2\/posts\/67223\/revisions\/67225"}],"wp:featuredmedia":[{"embeddable":true,"href":"https:\/\/www.egemtv.com\/index.php?rest_route=\/wp\/v2\/media\/67224"}],"wp:attachment":[{"href":"https:\/\/www.egemtv.com\/index.php?rest_route=%2Fwp%2Fv2%2Fmedia&parent=67223"}],"wp:term":[{"taxonomy":"category","embeddable":true,"href":"https:\/\/www.egemtv.com\/index.php?rest_route=%2Fwp%2Fv2%2Fcategories&post=67223"},{"taxonomy":"post_tag","embeddable":true,"href":"https:\/\/www.egemtv.com\/index.php?rest_route=%2Fwp%2Fv2%2Ftags&post=67223"}],"curies":[{"name":"wp","href":"https:\/\/api.w.org\/{rel}","templated":true}]}}